{"id":39818,"date":"2019-06-10T07:47:41","date_gmt":"2019-06-10T11:47:41","guid":{"rendered":"https:\/\/linitiative.ca\/International\/casa-arabe-de-madrid-accueille-les-marocains-de-leila-alaoui\/"},"modified":"2019-06-10T07:47:41","modified_gmt":"2019-06-10T11:47:41","slug":"casa-arabe-de-madrid-accueille-les-marocains-de-leila-alaoui","status":"publish","type":"post","link":"https:\/\/linitiative.ca\/International\/casa-arabe-de-madrid-accueille-les-marocains-de-leila-alaoui\/","title":{"rendered":"Casa Arabe de Madrid accueille \u00abLes Marocains\u00bb de Leila Alaoui"},"content":{"rendered":"<header>\n<div class=\"entry-post-meta\">\n<div class=\"author-link\">Publi\u00e9 par <a itemprop=\"author\" itemscope=\"\" itemtype=\"https:\/\/schema.org\/Person\" href=\"http:\/\/aujourdhui.ma\/profile\/kaid\" rel=\"author\"><span itemprop=\"name\">ALM<\/span><\/a><\/div>\n<p>Date\u00a0:<time content=\"2019-06-10T11:47:41+00:00\" class=\"entry-date updated\" datetime=\"2019-06-10T11:47:41+00:00\">juin 10, 2019<\/time><\/p>\n<div class=\"entry-cat\">dans:<a href=\"http:\/\/aujourdhui.ma\/category\/culture\" rel=\"category tag\">Culture<\/a><\/div>\n<p>0 Vues<\/p>\n<\/div>\n<\/header>\n<div class=\"entry-content clearfix\" readability=\"42\"><img decoding=\"async\" class=\"post_layout_5_img\" src=\"http:\/\/aujourdhui.ma\/wp-content\/uploads\/2019\/06\/Exposition-Les-Marocains-Leila-Alaoui-.jpg?x29840\" alt=\"Casa Arabe de Madrid accueille \u00abLes Marocains\u00bb de Leila Alaoui\"\/><\/p>\n<p class=\"p1\"><span class=\"s1\"><span class=\"c4\"><strong>Casa Arabe (Maison Arabe) accueille, du 7 juin au 22 septembre \u00e0 Madrid, l\u2019exposition \u00abLes Marocains\u00bb de la photographe marocaine Leila Alaoui (1982-2016) qui regroupe une s\u00e9rie de portraits photographiques grandeur nature r\u00e9alis\u00e9s par la d\u00e9funte artiste dans plusieurs r\u00e9gions du Maroc.<\/strong><\/span><\/span> <span id=\"more-312587\"\/><\/p>\n<p class=\"p1\"><span class=\"s1\">La c\u00e9l\u00e8bre s\u00e9rie photographique \u00abLes Marocains\u00bb se d\u00e9voile au grand public \u00e0 Madrid, dans le cadre de la 22\u00e8me \u00e9dition du Festival \u00abPhoto Espa\u00f1a\u00bb et en collaboration avec l\u2019ambassade du Maroc en Espagne. Elle donne \u00e0 voir une trentaine de portraits r\u00e9alis\u00e9s entre 2010 et 2014 \u00e0 travers le Royaume et qui mettent en exergue la pluralit\u00e9 culturelle du Maroc ainsi que la forte dimension picturale des images de Leila Alaoui.<\/span><\/p>\n<\/div>\n<p>Auteur: ALM<br \/>\n<a href=\"http:\/\/aujourdhui.ma\/culture\/casa-arabe-de-madrid-accueille-les-marocains-de-leila-alaoui\">Cliquez ici pour lire l&rsquo;article depuis sa source.<\/a><\/p>\n","protected":false},"excerpt":{"rendered":"<p>Publi\u00e9 par ALM Date\u00a0:juin 10, 2019 dans:Culture 0 Vues Casa Arabe (Maison Arabe) accueille, du 7 juin au 22 septembre \u00e0 Madrid, l\u2019exposition \u00abLes Marocains\u00bb de la photographe marocaine Leila Alaoui (1982-2016) qui regroupe une s\u00e9rie de portraits photographiques grandeur nature r\u00e9alis\u00e9s par la d\u00e9funte artiste dans plusieurs r\u00e9gions du Maroc. La c\u00e9l\u00e8bre s\u00e9rie photographique [&hellip;]<\/p>\n","protected":false},"author":1759,"featured_media":0,"comment_status":"closed","ping_status":"closed","sticky":false,"template":"","format":"standard","meta":{"fifu_image_url":"","fifu_image_alt":"","footnotes":""},"categories":[73,54],"tags":[],"class_list":["post-39818","post","type-post","status-publish","format-standard","hentry","category-actualite","category-maroc"],"_links":{"self":[{"href":"https:\/\/linitiative.ca\/International\/wp-json\/wp\/v2\/posts\/39818","targetHints":{"allow":["GET"]}}],"collection":[{"href":"https:\/\/linitiative.ca\/International\/wp-json\/wp\/v2\/posts"}],"about":[{"href":"https:\/\/linitiative.ca\/International\/wp-json\/wp\/v2\/types\/post"}],"author":[{"embeddable":true,"href":"https:\/\/linitiative.ca\/International\/wp-json\/wp\/v2\/users\/1759"}],"replies":[{"embeddable":true,"href":"https:\/\/linitiative.ca\/International\/wp-json\/wp\/v2\/comments?post=39818"}],"version-history":[{"count":0,"href":"https:\/\/linitiative.ca\/International\/wp-json\/wp\/v2\/posts\/39818\/revisions"}],"wp:attachment":[{"href":"https:\/\/linitiative.ca\/International\/wp-json\/wp\/v2\/media?parent=39818"}],"wp:term":[{"taxonomy":"category","embeddable":true,"href":"https:\/\/linitiative.ca\/International\/wp-json\/wp\/v2\/categories?post=39818"},{"taxonomy":"post_tag","embeddable":true,"href":"https:\/\/linitiative.ca\/International\/wp-json\/wp\/v2\/tags?post=39818"}],"curies":[{"name":"wp","href":"https:\/\/api.w.org\/{rel}","templated":true}]}}