{"id":39820,"date":"2019-06-10T05:52:42","date_gmt":"2019-06-10T09:52:42","guid":{"rendered":"https:\/\/linitiative.ca\/International\/malgre-lopposition-dans-la-rue-hong-kong-maintient-son-projet-de-loi-autorisant-les-extraditions-vers-la-chine\/"},"modified":"2019-06-10T05:52:42","modified_gmt":"2019-06-10T09:52:42","slug":"malgre-lopposition-dans-la-rue-hong-kong-maintient-son-projet-de-loi-autorisant-les-extraditions-vers-la-chine","status":"publish","type":"post","link":"https:\/\/linitiative.ca\/International\/malgre-lopposition-dans-la-rue-hong-kong-maintient-son-projet-de-loi-autorisant-les-extraditions-vers-la-chine\/","title":{"rendered":"Malgr\u00e9 l\u2019opposition dans la rue, Hong Kong maintient son projet de loi autorisant les extraditions vers la Chine"},"content":{"rendered":"<p>La rue ne fait pas plier les autorit\u00e9s de\u00a0<a href=\"https:\/\/www.francetvinfo.fr\/monde\/chine\/hong-kong\/\" target=\"_blank\" rel=\"noreferrer noopener\">Hong Kong<\/a>. Le gouvernement pro-P\u00e9kin de\u00a0l\u2019ex-colonie britannique\u00a0a annonc\u00e9, lundi 10 juin, qu\u2019il ne comptait pas retirer\u00a0le projet de loi qui permettra les extraditions vers la Chine.\u00a0<em>\u00ab C\u2019est une loi tr\u00e8s importante qui va permettre de faire triompher la justice et assurera que Hong Kong respecte ses obligations internationales en mati\u00e8re de criminalit\u00e9 transfrontali\u00e8re et transnationale \u00bb<\/em>, a d\u00e9clar\u00e9 aux journalistes la cheffe de l\u2019ex\u00e9cutif local Carrie Lam.<\/p>\n<p>Les autorit\u00e9s hongkongaises tentent de faire adopter un texte tr\u00e8s controvers\u00e9 qui doit permettre les extraditions vers toutes les juridictions avec lesquelles aucun accord bilat\u00e9ral n\u2019existe, y compris la Chine continentale. Ce projet de loi a suscit\u00e9 une lev\u00e9e de boucliers de toute une partie de la soci\u00e9t\u00e9 hongkongaise qui d\u00e9nonce le caract\u00e8re opaque et politis\u00e9 de la justice chinoise.<\/p>\n<h2>Une manifestation monstre dimanche<\/h2>\n<p>Une impressionnante foule\u00a0<a href=\"https:\/\/www.francetvinfo.fr\/monde\/chine\/hong-kong\/hong-kong-des-centaines-de-milliers-de-personnes-manifestent-contre-une-loi-autorisant-l-extradition-vers-la-chine_3482129.html\" target=\"_blank\" rel=\"noreferrer noopener\">a manifest\u00e9 dimanche dans les rues<\/a>\u00a0de l\u2019ex-colonie britannique en d\u00e9pit de la moiteur subtropicale \u00e9touffante. Les organisateurs ont revendiqu\u00e9 un million de manifestants, la police en a d\u00e9compt\u00e9 240 000, ce qui en ferait la deuxi\u00e8me manifestation la plus importante depuis la r\u00e9trocession en 1997. Une\u00a0mobilisation exceptionnelle\u00a0qui constitue un \u00e9norme d\u00e9fi \u00e0 pour Carrie Lam, qui n\u2019est pas \u00e9lue mais nomm\u00e9e.<\/p>\n<p>Mais dans sa premi\u00e8re prise de parole depuis cette manifestation, la cheffe de l\u2019ex\u00e9cutif\u00a0a promis que\u00a0<em>\u00ab l\u2019examen en seconde lecture du projet de loi reprendra le 12 juin \u00bb<\/em>. Carrie Lam\u00a0a rejet\u00e9 les affirmations selon lesquelles elle ne tiendrait pas compte de l\u2019opinion, en soulignant que son gouvernement avait d\u00e9j\u00e0 fait de nombreuses concessions pour assurer que les libert\u00e9s uniques de Hong Kong soient prot\u00e9g\u00e9es et que le texte soit conforme aux exigences internationales en mati\u00e8re de protection des droits de l\u2019homme.<\/p>\n<p>Franceinfo<\/p>\n<p class=\"dpsp-share-text\">Partager c&rsquo;est aimer!<\/p>\n<div class=\"wp-post-author-wrap wp-post-author-shortcode left\">\n<h3 class=\"awpa-title\"\/>\n<div class=\"wp-post-author\">\n<div class=\"awpa-img awpa-author-block square\"><a href=\"http:\/\/lexpertjournal.net\/fr\/author\/expert\/\"><img loading=\"lazy\" decoding=\"async\" alt=\"\" src=\"http:\/\/2.gravatar.com\/avatar\/56d99be2a6f97af88ccb49fada637fcd?s=150&#038;d=mm&#038;r=g\" srcset=\"http:\/\/2.gravatar.com\/avatar\/56d99be2a6f97af88ccb49fada637fcd?s=300&#038;d=mm&#038;r=g 2x\" class=\"avatar avatar-150 photo\" height=\"150\" width=\"150\"\/><\/a><\/div>\n<\/div>\n<\/div>\n<p>Auteur: L&rsquo;expert<br \/>\n<a href=\"http:\/\/lexpertjournal.net\/fr\/2019\/06\/10\/malgre-lopposition-dans-la-rue-hong-kong-maintient-son-projet-de-loi-autorisant-les-extraditions-vers-la-chine\/\">Cliquez ici pour lire l&rsquo;article depuis sa source.<\/a><\/p>\n","protected":false},"excerpt":{"rendered":"<p>La rue ne fait pas plier les autorit\u00e9s de\u00a0Hong Kong. Le gouvernement pro-P\u00e9kin de\u00a0l\u2019ex-colonie britannique\u00a0a annonc\u00e9, lundi 10 juin, qu\u2019il ne comptait pas retirer\u00a0le projet de loi qui permettra les extraditions vers la Chine.\u00a0\u00ab C\u2019est une loi tr\u00e8s importante qui va permettre de faire triompher la justice et assurera que Hong Kong respecte ses obligations [&hellip;]<\/p>\n","protected":false},"author":1775,"featured_media":0,"comment_status":"closed","ping_status":"closed","sticky":false,"template":"","format":"standard","meta":{"fifu_image_url":"","fifu_image_alt":"","footnotes":""},"categories":[78,55],"tags":[],"class_list":["post-39820","post","type-post","status-publish","format-standard","hentry","category-economie","category-tunisie"],"_links":{"self":[{"href":"https:\/\/linitiative.ca\/International\/wp-json\/wp\/v2\/posts\/39820","targetHints":{"allow":["GET"]}}],"collection":[{"href":"https:\/\/linitiative.ca\/International\/wp-json\/wp\/v2\/posts"}],"about":[{"href":"https:\/\/linitiative.ca\/International\/wp-json\/wp\/v2\/types\/post"}],"author":[{"embeddable":true,"href":"https:\/\/linitiative.ca\/International\/wp-json\/wp\/v2\/users\/1775"}],"replies":[{"embeddable":true,"href":"https:\/\/linitiative.ca\/International\/wp-json\/wp\/v2\/comments?post=39820"}],"version-history":[{"count":0,"href":"https:\/\/linitiative.ca\/International\/wp-json\/wp\/v2\/posts\/39820\/revisions"}],"wp:attachment":[{"href":"https:\/\/linitiative.ca\/International\/wp-json\/wp\/v2\/media?parent=39820"}],"wp:term":[{"taxonomy":"category","embeddable":true,"href":"https:\/\/linitiative.ca\/International\/wp-json\/wp\/v2\/categories?post=39820"},{"taxonomy":"post_tag","embeddable":true,"href":"https:\/\/linitiative.ca\/International\/wp-json\/wp\/v2\/tags?post=39820"}],"curies":[{"name":"wp","href":"https:\/\/api.w.org\/{rel}","templated":true}]}}