{"id":39822,"date":"2019-06-10T06:06:21","date_gmt":"2019-06-10T10:06:21","guid":{"rendered":"https:\/\/linitiative.ca\/International\/celine-dion-trop-maigre-la-nouvelle-photo-qui-divise-ses-fans\/"},"modified":"2019-06-10T06:06:21","modified_gmt":"2019-06-10T10:06:21","slug":"celine-dion-trop-maigre-la-nouvelle-photo-qui-divise-ses-fans","status":"publish","type":"post","link":"https:\/\/linitiative.ca\/International\/celine-dion-trop-maigre-la-nouvelle-photo-qui-divise-ses-fans\/","title":{"rendered":"C\u00e9line Dion trop maigre ? La nouvelle photo qui divise ses fans"},"content":{"rendered":"<p>Incroyable showwoman, C\u00e9line Dion est tr\u00e8s proche de son public. Alors quand la star est attaqu\u00e9e, ses fans n\u2019h\u00e9sitent pas \u00e0 r\u00e9agir et \u00e0 d\u00e9fendre leur idole. Jug\u00e9e trop maigre, C\u00e9line ? Malade ? Il n\u2019en fallait pas plus pour d\u00e9clencher une mini-tornade sur son compte Instagram.<\/p>\n<ul class=\"wp-block-gallery columns-2 is-cropped\">\n<li class=\"blocks-gallery-item\"><img decoding=\"async\" src=\"http:\/\/lexpertjournal.net\/fr\/wp-content\/uploads\/sites\/2\/2019\/06\/images.jpeg\" alt=\"\" data-id=\"8035\" data-link=\"http:\/\/lexpertjournal.net\/fr\/?attachment_id=8035\" class=\"wp-image-8035\" srcset=\"http:\/\/lexpertjournal.net\/fr\/wp-content\/uploads\/sites\/2\/2019\/06\/images.jpeg 318w, http:\/\/lexpertjournal.net\/fr\/wp-content\/uploads\/sites\/2\/2019\/06\/images-300x150.jpeg 300w\" sizes=\"(max-width: 318px) 100vw, 318px\"\/><\/li>\n<li class=\"blocks-gallery-item\"><img decoding=\"async\" src=\"http:\/\/lexpertjournal.net\/fr\/wp-content\/uploads\/sites\/2\/2019\/06\/te%CC%81le%CC%81chargement-13.jpeg\" alt=\"\" data-id=\"8036\" data-link=\"http:\/\/lexpertjournal.net\/fr\/?attachment_id=8036\" class=\"wp-image-8036\"\/><\/li>\n<\/ul>\n<p>Le 8 juin 2019,\u00a0<a href=\"http:\/\/www.purepeople.com\/people\/celine-dion_p53\">C\u00e9line Dion<\/a>\u00a0poste une photo d\u2019elle sur\u00a0<a href=\"http:\/\/www.purepeople.com\/article\/celine-dion-nouvelle-reine-d-instagram_a316562\/1\">son compte Instagram<\/a>. On la d\u00e9couvre v\u00eatue d\u2019une mini-jupe en cuir, avec des escarpins noirs vernis, et d\u2019un tee-shirt avec l\u2019inscription FOMO. C\u00e9line explique la signification de ce logo :<em>\u00a0\u00ab F.O.M.O\u2063\u2063. \u00c7a signifie Fear of Missing Out, ou pas\u2026. ? \u2013 Team C\u00e9line\u2063\u2063. \u00bb<\/em>FOMO symbolise la peur de rater quelque chose. Elle est souvent caract\u00e9ris\u00e9e par le fait d\u2019avoir peur de manquer une occasion d\u2019interagir socialement avec les autres. Pour le coup, l\u2019interaction avec ses\u00a0<em>followers<\/em>\u00a0a \u00e9t\u00e9 imm\u00e9diate suite \u00e0 cette publication.<\/p>\n<p>Purepeople<\/p>\n<p class=\"dpsp-share-text\">Partager c&rsquo;est aimer!<\/p>\n<div class=\"wp-post-author-wrap wp-post-author-shortcode left\">\n<h3 class=\"awpa-title\"\/>\n<div class=\"wp-post-author\">\n<div class=\"awpa-img awpa-author-block square\"><a href=\"http:\/\/lexpertjournal.net\/fr\/author\/expert\/\"><img loading=\"lazy\" decoding=\"async\" alt=\"\" src=\"http:\/\/2.gravatar.com\/avatar\/56d99be2a6f97af88ccb49fada637fcd?s=150&#038;d=mm&#038;r=g\" srcset=\"http:\/\/2.gravatar.com\/avatar\/56d99be2a6f97af88ccb49fada637fcd?s=300&#038;d=mm&#038;r=g 2x\" class=\"avatar avatar-150 photo\" height=\"150\" width=\"150\"\/><\/a><\/div>\n<\/div>\n<\/div>\n<p>Auteur: L&rsquo;expert<br \/>\n<a href=\"http:\/\/lexpertjournal.net\/fr\/2019\/06\/10\/celine-dion-trop-maigre-la-nouvelle-photo-qui-divise-ses-fans\/\">Cliquez ici pour lire l&rsquo;article depuis sa source.<\/a><\/p>\n","protected":false},"excerpt":{"rendered":"<p>Incroyable showwoman, C\u00e9line Dion est tr\u00e8s proche de son public. Alors quand la star est attaqu\u00e9e, ses fans n\u2019h\u00e9sitent pas \u00e0 r\u00e9agir et \u00e0 d\u00e9fendre leur idole. Jug\u00e9e trop maigre, C\u00e9line ? Malade ? Il n\u2019en fallait pas plus pour d\u00e9clencher une mini-tornade sur son compte Instagram. Le 8 juin 2019,\u00a0C\u00e9line Dion\u00a0poste une photo d\u2019elle [&hellip;]<\/p>\n","protected":false},"author":1775,"featured_media":39823,"comment_status":"closed","ping_status":"closed","sticky":false,"template":"","format":"standard","meta":{"fifu_image_url":"","fifu_image_alt":"","footnotes":""},"categories":[78,55],"tags":[],"class_list":["post-39822","post","type-post","status-publish","format-standard","has-post-thumbnail","hentry","category-economie","category-tunisie"],"_links":{"self":[{"href":"https:\/\/linitiative.ca\/International\/wp-json\/wp\/v2\/posts\/39822","targetHints":{"allow":["GET"]}}],"collection":[{"href":"https:\/\/linitiative.ca\/International\/wp-json\/wp\/v2\/posts"}],"about":[{"href":"https:\/\/linitiative.ca\/International\/wp-json\/wp\/v2\/types\/post"}],"author":[{"embeddable":true,"href":"https:\/\/linitiative.ca\/International\/wp-json\/wp\/v2\/users\/1775"}],"replies":[{"embeddable":true,"href":"https:\/\/linitiative.ca\/International\/wp-json\/wp\/v2\/comments?post=39822"}],"version-history":[{"count":0,"href":"https:\/\/linitiative.ca\/International\/wp-json\/wp\/v2\/posts\/39822\/revisions"}],"wp:featuredmedia":[{"embeddable":true,"href":"https:\/\/linitiative.ca\/International\/wp-json\/"}],"wp:attachment":[{"href":"https:\/\/linitiative.ca\/International\/wp-json\/wp\/v2\/media?parent=39822"}],"wp:term":[{"taxonomy":"category","embeddable":true,"href":"https:\/\/linitiative.ca\/International\/wp-json\/wp\/v2\/categories?post=39822"},{"taxonomy":"post_tag","embeddable":true,"href":"https:\/\/linitiative.ca\/International\/wp-json\/wp\/v2\/tags?post=39822"}],"curies":[{"name":"wp","href":"https:\/\/api.w.org\/{rel}","templated":true}]}}