{"id":39824,"date":"2019-06-10T05:01:55","date_gmt":"2019-06-10T09:01:55","guid":{"rendered":"https:\/\/linitiative.ca\/International\/can-2019-le-mali-menace-de-disqualification-par-la-fifa\/"},"modified":"2019-06-10T05:01:55","modified_gmt":"2019-06-10T09:01:55","slug":"can-2019-le-mali-menace-de-disqualification-par-la-fifa","status":"publish","type":"post","link":"https:\/\/linitiative.ca\/International\/can-2019-le-mali-menace-de-disqualification-par-la-fifa\/","title":{"rendered":"CAN-2019 :\u00a0Le Mali menac\u00e9 de disqualification par la Fifa"},"content":{"rendered":"<h4 class=\"title-14\"\/>\n<p class=\"p4\"><span class=\"s3\">La s\u00e9lection malienne de football, adversaire de l\u2019Alg\u00e9rie en amical le 16 juin \u00e0 Doha, pourrait \u00eatre disqualifi\u00e9e de la Coupe d\u2019Afrique des nations CAN-2019 en Egypte (21 juin \u2013 19 juillet) par la F\u00e9d\u00e9ration internationale (Fifa), a \u00e9crit hier la presse locale.<\/span><\/p>\n<p class=\"p4\"><span class=\"s3\">L\u2019instance mondiale a inform\u00e9 le Premier ministre malien, Boubou Ciss\u00e9, et son ministre de la Jeunesse et des Sports, Arouna Modibo Tour\u00e9, que la comp\u00e9tition pourrait avoir lieu sans les Aigles. <em>\u00abLe message de la Fifa et de la CAF sont clairs. Si jamais l\u2019assembl\u00e9e g\u00e9n\u00e9rale pr\u00e9vue pour le samedi 15 juin venait \u00e0 \u00eatre sabot\u00e9e par certaines personnes, la Fifa prendrait ses responsabilit\u00e9s.<\/em><\/span><\/p>\n<p class=\"p4\"><span class=\"s3\"><em>Il y aura des sanctions contre le football malien, notamment sa F\u00e9d\u00e9ration, avec sa suspension des comp\u00e9titions Fifa et m\u00eame de la prochaine CAN pr\u00e9vue en Egypte\u00bb<\/em>, a indiqu\u00e9 V\u00e9ron Mossengo-Omba, pr\u00e9sident de la F\u00e9d\u00e9ration malienne. Une assembl\u00e9e g\u00e9n\u00e9rale est pr\u00e9vue pour le samedi 15 juin conform\u00e9ment \u00e0 une feuille de route dress\u00e9e par la Fifa dans la r\u00e9solution de la crise du football malien.<\/span><\/p>\n<p class=\"p4\"><span class=\"s3\">Cette AG devra permettre d\u2019ex\u00e9cuter une sentence du Tribunal arbitral du sport (TAS) dans la crise, avant l\u2019organisation de l\u2019assembl\u00e9e g\u00e9n\u00e9rale \u00e9lective pour d\u00e9signer un nouveau pr\u00e9sident \u00e0 la t\u00eate de la F\u00e9d\u00e9ration. Le Comit\u00e9 de normalisation n\u2019a pas lanc\u00e9 le championnat contrairement \u00e0 ce qui a \u00e9t\u00e9 convenu dans la feuille de route de la Fifa. A la CAN-2019, le Mali \u00e9voluera dans le groupe E en compagnie de la Tunisie, de l\u2019Angola et de la Mauritanie.\u00a0<\/span><\/p>\n<p><span class=\"post-views-label\">Post Views:<\/span> <span class=\"post-views-count\">52<\/span><\/p>\n<p>Auteur: Anis Khecheba<br \/>\n<a href=\"https:\/\/www.elwatan.com\/edition\/sports\/can-2019-le-mali-menace-de-disqualification-par-la-fifa-10-06-2019\">Cliquez ici pour lire l&rsquo;article depuis sa source.<\/a><\/p>\n","protected":false},"excerpt":{"rendered":"<p>La s\u00e9lection malienne de football, adversaire de l\u2019Alg\u00e9rie en amical le 16 juin \u00e0 Doha, pourrait \u00eatre disqualifi\u00e9e de la Coupe d\u2019Afrique des nations CAN-2019 en Egypte (21 juin \u2013 19 juillet) par la F\u00e9d\u00e9ration internationale (Fifa), a \u00e9crit hier la presse locale. L\u2019instance mondiale a inform\u00e9 le Premier ministre malien, Boubou Ciss\u00e9, et son [&hellip;]<\/p>\n","protected":false},"author":1743,"featured_media":0,"comment_status":"closed","ping_status":"closed","sticky":false,"template":"","format":"standard","meta":{"fifu_image_url":"","fifu_image_alt":"","footnotes":""},"categories":[73,53],"tags":[],"class_list":["post-39824","post","type-post","status-publish","format-standard","hentry","category-actualite","category-algerie"],"_links":{"self":[{"href":"https:\/\/linitiative.ca\/International\/wp-json\/wp\/v2\/posts\/39824","targetHints":{"allow":["GET"]}}],"collection":[{"href":"https:\/\/linitiative.ca\/International\/wp-json\/wp\/v2\/posts"}],"about":[{"href":"https:\/\/linitiative.ca\/International\/wp-json\/wp\/v2\/types\/post"}],"author":[{"embeddable":true,"href":"https:\/\/linitiative.ca\/International\/wp-json\/wp\/v2\/users\/1743"}],"replies":[{"embeddable":true,"href":"https:\/\/linitiative.ca\/International\/wp-json\/wp\/v2\/comments?post=39824"}],"version-history":[{"count":0,"href":"https:\/\/linitiative.ca\/International\/wp-json\/wp\/v2\/posts\/39824\/revisions"}],"wp:attachment":[{"href":"https:\/\/linitiative.ca\/International\/wp-json\/wp\/v2\/media?parent=39824"}],"wp:term":[{"taxonomy":"category","embeddable":true,"href":"https:\/\/linitiative.ca\/International\/wp-json\/wp\/v2\/categories?post=39824"},{"taxonomy":"post_tag","embeddable":true,"href":"https:\/\/linitiative.ca\/International\/wp-json\/wp\/v2\/tags?post=39824"}],"curies":[{"name":"wp","href":"https:\/\/api.w.org\/{rel}","templated":true}]}}