{"id":39825,"date":"2019-06-10T06:11:05","date_gmt":"2019-06-10T10:11:05","guid":{"rendered":"https:\/\/linitiative.ca\/International\/mercato-psg-neymar-en-plein-doute-pour-son-avenir\/"},"modified":"2019-06-10T06:11:05","modified_gmt":"2019-06-10T10:11:05","slug":"mercato-psg-neymar-en-plein-doute-pour-son-avenir","status":"publish","type":"post","link":"https:\/\/linitiative.ca\/International\/mercato-psg-neymar-en-plein-doute-pour-son-avenir\/","title":{"rendered":"Mercato \u2013 PSG : Neymar en plein doute pour son avenir ?"},"content":{"rendered":"<p>Bien que l\u2019\u00e9ventuelle arriv\u00e9e de Leonardo au Paris Saint-Germain semblerait ravir les supporters du club de la capitale, elle pourrait remettre en question la place de Neymar au sein du projet qatari. Explications.<\/p>\n<p>Ce ne serait plus qu\u2019une question de jours \u00e0 pr\u00e9sent.\u00a0<strong>Leonardo<\/strong>\u00a0devrait bel et bien effectuer son grand retour au\u00a0<strong>Paris Saint-Germain<\/strong>, apr\u00e8s une premi\u00e8re exp\u00e9rience de directeur sportif r\u00e9ussie entre 2011 et 2013. Cependant, le Br\u00e9silien n\u2019aurait pas le m\u00eame poste qu\u2019\u00e0 l\u2019\u00e9poque et serait nomm\u00e9 pr\u00e9sident-d\u00e9l\u00e9gu\u00e9 et disposerait des pleins pouvoirs sur le plan sportif. Son arriv\u00e9e engendrerait irr\u00e9m\u00e9diablement l\u2019\u00e9viction\u00a0<strong>d\u2019Antero<\/strong>\u00a0<strong>Henrique<\/strong>\u00a0de sa position de directeur sportif. Ce qui aurait de fortes chances d\u2019avoir des r\u00e9percussions sur la suite des op\u00e9rations pour une figure forte du projet qatari, \u00e0 savoir\u00a0<strong>Neymar<\/strong><strong>Jr<\/strong>.<\/p>\n<h2>L\u2019avenir de Neymar fragilis\u00e9 \u00e0 cause du potentiel d\u00e9part d\u2019Henrique<\/h2>\n<p>C\u2019est en effet l\u2019\u00e9ventualit\u00e9 qu\u2019a \u00e9voqu\u00e9\u00a0T\u00e9l\u00e9foot. Depuis son arriv\u00e9e en 2017,<strong>Neymar<\/strong>\u00a0n\u2019aurait jamais remis en question le projet qatari et estimerait avoir trouv\u00e9 sa place en son sein. N\u00e9anmoins, la star auriverde a sign\u00e9 au\u00a0<strong>Paris Saint-Germain<\/strong>\u00a0gr\u00e2ce \u00e0\u00a0<strong>Antero Henrique<\/strong>\u00a0qui a fait le forcing pour que le club de la capitale l\u00e8ve sa clause lib\u00e9ratoire dans son ancien contrat avec le\u00a0<strong>FCBarcelone<\/strong>. De quoi pousser\u00a0<strong>Neymar<\/strong>\u00a0\u00e0 se poser des questions sur le virage que s\u2019appr\u00eate \u00e0 prendre le\u00a0<strong>PSG<\/strong>, sans\u00a0<strong>Antero<\/strong>\u00a0<strong>Henrique<\/strong>\u00a0et avec\u00a0<a href=\"https:\/\/le10sport.com\/football\/mercato\/mercato-psg-ces-deux-enormes-coups-prevus-par-leonardo-460465\">Leonardo\u00a0<\/a>que l\u2019attaquant br\u00e9silien ne conna\u00eetrait pas vraiment. Dans la foul\u00e9e de sa nomination, \u00ab\u00a0Leo\u00a0\u00bb devra donc se montrer tr\u00e8s persuasif aupr\u00e8s du clan<strong>Neymar<\/strong>\u00a0qui serait tr\u00e8s proche\u00a0<strong>d\u2019Henrique<\/strong>. L\u2019avenir du num\u00e9ro 10 parisien se jouerait donc dans les prochaines semaines, voire les prochains jours\u2026<\/p>\n<p>le 10 Sport<\/p>\n<p class=\"dpsp-share-text\">Partager c&rsquo;est aimer!<\/p>\n<div class=\"wp-post-author-wrap wp-post-author-shortcode left\">\n<h3 class=\"awpa-title\"\/>\n<div class=\"wp-post-author\">\n<div class=\"awpa-img awpa-author-block square\"><a href=\"http:\/\/lexpertjournal.net\/fr\/author\/expert\/\"><img loading=\"lazy\" decoding=\"async\" alt=\"\" src=\"http:\/\/2.gravatar.com\/avatar\/56d99be2a6f97af88ccb49fada637fcd?s=150&#038;d=mm&#038;r=g\" srcset=\"http:\/\/2.gravatar.com\/avatar\/56d99be2a6f97af88ccb49fada637fcd?s=300&#038;d=mm&#038;r=g 2x\" class=\"avatar avatar-150 photo\" height=\"150\" width=\"150\"\/><\/a><\/div>\n<\/div>\n<\/div>\n<p>Auteur: L&rsquo;expert<br \/>\n<a href=\"http:\/\/lexpertjournal.net\/fr\/2019\/06\/10\/mercato-psg-neymar-en-plein-doute-pour-son-avenir\/\">Cliquez ici pour lire l&rsquo;article depuis sa source.<\/a><\/p>\n","protected":false},"excerpt":{"rendered":"<p>Bien que l\u2019\u00e9ventuelle arriv\u00e9e de Leonardo au Paris Saint-Germain semblerait ravir les supporters du club de la capitale, elle pourrait remettre en question la place de Neymar au sein du projet qatari. Explications. Ce ne serait plus qu\u2019une question de jours \u00e0 pr\u00e9sent.\u00a0Leonardo\u00a0devrait bel et bien effectuer son grand retour au\u00a0Paris Saint-Germain, apr\u00e8s une premi\u00e8re [&hellip;]<\/p>\n","protected":false},"author":1775,"featured_media":0,"comment_status":"closed","ping_status":"closed","sticky":false,"template":"","format":"standard","meta":{"fifu_image_url":"","fifu_image_alt":"","footnotes":""},"categories":[78,55],"tags":[],"class_list":["post-39825","post","type-post","status-publish","format-standard","hentry","category-economie","category-tunisie"],"_links":{"self":[{"href":"https:\/\/linitiative.ca\/International\/wp-json\/wp\/v2\/posts\/39825","targetHints":{"allow":["GET"]}}],"collection":[{"href":"https:\/\/linitiative.ca\/International\/wp-json\/wp\/v2\/posts"}],"about":[{"href":"https:\/\/linitiative.ca\/International\/wp-json\/wp\/v2\/types\/post"}],"author":[{"embeddable":true,"href":"https:\/\/linitiative.ca\/International\/wp-json\/wp\/v2\/users\/1775"}],"replies":[{"embeddable":true,"href":"https:\/\/linitiative.ca\/International\/wp-json\/wp\/v2\/comments?post=39825"}],"version-history":[{"count":0,"href":"https:\/\/linitiative.ca\/International\/wp-json\/wp\/v2\/posts\/39825\/revisions"}],"wp:attachment":[{"href":"https:\/\/linitiative.ca\/International\/wp-json\/wp\/v2\/media?parent=39825"}],"wp:term":[{"taxonomy":"category","embeddable":true,"href":"https:\/\/linitiative.ca\/International\/wp-json\/wp\/v2\/categories?post=39825"},{"taxonomy":"post_tag","embeddable":true,"href":"https:\/\/linitiative.ca\/International\/wp-json\/wp\/v2\/tags?post=39825"}],"curies":[{"name":"wp","href":"https:\/\/api.w.org\/{rel}","templated":true}]}}