{"id":39826,"date":"2019-06-10T06:15:22","date_gmt":"2019-06-10T10:15:22","guid":{"rendered":"https:\/\/linitiative.ca\/International\/barca-antoine-griezmann-en-approche\/"},"modified":"2019-06-10T06:15:22","modified_gmt":"2019-06-10T10:15:22","slug":"barca-antoine-griezmann-en-approche","status":"publish","type":"post","link":"https:\/\/linitiative.ca\/International\/barca-antoine-griezmann-en-approche\/","title":{"rendered":"Bar\u00e7a : Antoine Griezmann en approche"},"content":{"rendered":"<p>Si la presse espagnole \u00e9voquait des rapprochements entre Antoine Griezmann et le Paris Saint-Germain ces derniers jours,\u00a0<em><a href=\"http:\/\/www.leparisien.fr\/sports\/football\/psg\/psg-griezmann-toujours-plus-proche-du-barca-que-de-paris-09-06-2019-8089794.php#xtor=AD-1481423553\">Le Parisien<\/a><\/em>\u00a0d\u00e9voile des informations qui vont dans le sens contraire. L\u2019avenir du Fran\u00e7ais devrait bien s\u2019\u00e9crire du c\u00f4t\u00e9 du Bar\u00e7a.<\/p>\n<p>Il y a certes eu une prise de contact de la part du Paris Saint-Germain, mais la piste n\u2019est pas jug\u00e9e r\u00e9aliste par le champion de France, qui doit d\u2019abord renforcer des positions prioritaires et n\u2019aura donc probablement pas la capacit\u00e9 financi\u00e8re de signer le natif de M\u00e2con.<\/p>\n<p>foot mercato<\/p>\n<p class=\"dpsp-share-text\">Partager c&rsquo;est aimer!<\/p>\n<div class=\"wp-post-author-wrap wp-post-author-shortcode left\">\n<h3 class=\"awpa-title\"\/>\n<div class=\"wp-post-author\">\n<div class=\"awpa-img awpa-author-block square\"><a href=\"http:\/\/lexpertjournal.net\/fr\/author\/expert\/\"><img loading=\"lazy\" decoding=\"async\" alt=\"\" src=\"http:\/\/2.gravatar.com\/avatar\/56d99be2a6f97af88ccb49fada637fcd?s=150&#038;d=mm&#038;r=g\" srcset=\"http:\/\/2.gravatar.com\/avatar\/56d99be2a6f97af88ccb49fada637fcd?s=300&#038;d=mm&#038;r=g 2x\" class=\"avatar avatar-150 photo\" height=\"150\" width=\"150\"\/><\/a><\/div>\n<\/div>\n<\/div>\n<p>Auteur: L&rsquo;expert<br \/>\n<a href=\"http:\/\/lexpertjournal.net\/fr\/2019\/06\/10\/barca-antoine-griezmann-en-approche\/\">Cliquez ici pour lire l&rsquo;article depuis sa source.<\/a><\/p>\n","protected":false},"excerpt":{"rendered":"<p>Si la presse espagnole \u00e9voquait des rapprochements entre Antoine Griezmann et le Paris Saint-Germain ces derniers jours,\u00a0Le Parisien\u00a0d\u00e9voile des informations qui vont dans le sens contraire. L\u2019avenir du Fran\u00e7ais devrait bien s\u2019\u00e9crire du c\u00f4t\u00e9 du Bar\u00e7a. Il y a certes eu une prise de contact de la part du Paris Saint-Germain, mais la piste n\u2019est [&hellip;]<\/p>\n","protected":false},"author":1775,"featured_media":0,"comment_status":"closed","ping_status":"closed","sticky":false,"template":"","format":"standard","meta":{"fifu_image_url":"","fifu_image_alt":"","footnotes":""},"categories":[78,55],"tags":[],"class_list":["post-39826","post","type-post","status-publish","format-standard","hentry","category-economie","category-tunisie"],"_links":{"self":[{"href":"https:\/\/linitiative.ca\/International\/wp-json\/wp\/v2\/posts\/39826","targetHints":{"allow":["GET"]}}],"collection":[{"href":"https:\/\/linitiative.ca\/International\/wp-json\/wp\/v2\/posts"}],"about":[{"href":"https:\/\/linitiative.ca\/International\/wp-json\/wp\/v2\/types\/post"}],"author":[{"embeddable":true,"href":"https:\/\/linitiative.ca\/International\/wp-json\/wp\/v2\/users\/1775"}],"replies":[{"embeddable":true,"href":"https:\/\/linitiative.ca\/International\/wp-json\/wp\/v2\/comments?post=39826"}],"version-history":[{"count":0,"href":"https:\/\/linitiative.ca\/International\/wp-json\/wp\/v2\/posts\/39826\/revisions"}],"wp:attachment":[{"href":"https:\/\/linitiative.ca\/International\/wp-json\/wp\/v2\/media?parent=39826"}],"wp:term":[{"taxonomy":"category","embeddable":true,"href":"https:\/\/linitiative.ca\/International\/wp-json\/wp\/v2\/categories?post=39826"},{"taxonomy":"post_tag","embeddable":true,"href":"https:\/\/linitiative.ca\/International\/wp-json\/wp\/v2\/tags?post=39826"}],"curies":[{"name":"wp","href":"https:\/\/api.w.org\/{rel}","templated":true}]}}