{"id":39827,"date":"2019-06-10T06:19:34","date_gmt":"2019-06-10T10:19:34","guid":{"rendered":"https:\/\/linitiative.ca\/International\/la-recolte-cerealiere-va-depasser-les-20-millions-de-quintaux\/"},"modified":"2019-06-10T06:19:34","modified_gmt":"2019-06-10T10:19:34","slug":"la-recolte-cerealiere-va-depasser-les-20-millions-de-quintaux","status":"publish","type":"post","link":"https:\/\/linitiative.ca\/International\/la-recolte-cerealiere-va-depasser-les-20-millions-de-quintaux\/","title":{"rendered":"La r\u00e9colte c\u00e9r\u00e9ali\u00e8re va d\u00e9passer les 20 millions de quintaux"},"content":{"rendered":"<p><strong>La r\u00e9colte des c\u00e9r\u00e9ales est estim\u00e9e \u00e0 plus de 20 millions de quintaux (2 millions de tonnes) pour la campagne actuelle, contre 14,3 millions de quintaux, pour la pr\u00e9c\u00e9dente, selon une source officielle du minist\u00e8re de l\u2019Agriculture.\u00a0<\/strong><\/p>\n<p>Les quantit\u00e9s des c\u00e9r\u00e9ales collect\u00e9es devrait avoisiner les 10 millions de quintaux, contre 7 millions de quintaux, au cours de la derni\u00e8re campagne, gr\u00e2ce aux conditions climatiques favorables qui ont pr\u00e9values au cours de cette ann\u00e9e et notamment une bonne pluviom\u00e9trie, dans la plupart des r\u00e9gions, notamment le centre, apr\u00e8s trois ann\u00e9es de s\u00e9cheresse.\u00a0<\/p>\n<p>D\u2019apr\u00e8s les pr\u00e9visions inscrites dans le budget \u00e9conomique 2019, la r\u00e9colte des c\u00e9r\u00e9ales pour cette campagne avait \u00e9t\u00e9 estim\u00e9e \u00e0 19 millions de quintaux.\u00a0<\/p>\n<p>Le ministre de l\u2019Agriculture, Samir Ta\u00efeb a affirm\u00e9, d\u00e9but juin courant, \u00e0 Kairouan, que la r\u00e9colte c\u00e9rali\u00e8re pour cette campagne va atteindre des niveaux records.<\/p>\n<p>Les superficies emblav\u00e9es ont atteint au cours de cette campagne, un million 220 mille d\u2019ha, dont 849 mille hectares dans les gouvernorats du nord, 375 mille ha, dans les gouvernorats du centre et du sud.\u00a0<\/p>\n<p>Dans une d\u00e9claration \u00e0 l\u2019agence TAP, Mohamed Rjaibia, membre du bureau ex\u00e9cutif de l\u2019Union tunisienne de l\u2019agriculture et de la p\u00eache, charg\u00e9 des grandes cultures, a, pour sa part, consid\u00e9r\u00e9 que l\u2019estimation de la r\u00e9colte des c\u00e9r\u00e9ales, \u00e0 20 millions de quintaux, est sur\u00e9valu\u00e9e.\u00a0<\/p>\n<p>D\u2019apr\u00e8s lui, la r\u00e9colte c\u00e9r\u00e9ali\u00e8re n\u2019atteindra pas des records, estimant qu\u2019elle ne d\u00e9passera pas les 16 \u00e0 17 millions de quintaux. Les quantit\u00e9s de c\u00e9r\u00e9ales r\u00e9colt\u00e9es devraient avoisiner les 10 \u00e0 12 millions de quintaux.\u00a0<\/p>\n<p>Les principaux probl\u00e8mes au niveau de cette campagne, concernent la collecte et le stockage, a-t-il signal\u00e9, pr\u00e9cisant que la capacit\u00e9 de collecte varie actuellement, entre 8,5 et 9 millions de quintaux et qu\u2019il y aura recours aux centres de stockage \u00e0 ciel ouvert.\u00a0<\/p>\n<p>La Tunisie consacre annuellement, une moyenne de 600 millions de dinars pour l\u2019importation des c\u00e9r\u00e9ales, dont le bl\u00e9 tendre, le bl\u00e9 dur et l\u2019orge fourrag\u00e8re, selon les statistiques de l\u2019Office des c\u00e9r\u00e9ales.<\/p>\n<p>Mosa\u00efque fm<\/p>\n<p class=\"dpsp-share-text\">Partager c&rsquo;est aimer!<\/p>\n<div class=\"wp-post-author-wrap wp-post-author-shortcode left\">\n<h3 class=\"awpa-title\"\/>\n<div class=\"wp-post-author\">\n<div class=\"awpa-img awpa-author-block square\"><a href=\"http:\/\/lexpertjournal.net\/fr\/author\/expert\/\"><img loading=\"lazy\" decoding=\"async\" alt=\"\" src=\"http:\/\/2.gravatar.com\/avatar\/56d99be2a6f97af88ccb49fada637fcd?s=150&#038;d=mm&#038;r=g\" srcset=\"http:\/\/2.gravatar.com\/avatar\/56d99be2a6f97af88ccb49fada637fcd?s=300&#038;d=mm&#038;r=g 2x\" class=\"avatar avatar-150 photo\" height=\"150\" width=\"150\"\/><\/a><\/div>\n<\/div>\n<\/div>\n<p>Auteur: L&rsquo;expert<br \/>\n<a href=\"http:\/\/lexpertjournal.net\/fr\/2019\/06\/10\/la-recolte-cerealiere-va-depasser-les-20-millions-de-quintaux\/\">Cliquez ici pour lire l&rsquo;article depuis sa source.<\/a><\/p>\n","protected":false},"excerpt":{"rendered":"<p>La r\u00e9colte des c\u00e9r\u00e9ales est estim\u00e9e \u00e0 plus de 20 millions de quintaux (2 millions de tonnes) pour la campagne actuelle, contre 14,3 millions de quintaux, pour la pr\u00e9c\u00e9dente, selon une source officielle du minist\u00e8re de l\u2019Agriculture.\u00a0 Les quantit\u00e9s des c\u00e9r\u00e9ales collect\u00e9es devrait avoisiner les 10 millions de quintaux, contre 7 millions de quintaux, au [&hellip;]<\/p>\n","protected":false},"author":1775,"featured_media":0,"comment_status":"closed","ping_status":"closed","sticky":false,"template":"","format":"standard","meta":{"fifu_image_url":"","fifu_image_alt":"","footnotes":""},"categories":[78,55],"tags":[],"class_list":["post-39827","post","type-post","status-publish","format-standard","hentry","category-economie","category-tunisie"],"_links":{"self":[{"href":"https:\/\/linitiative.ca\/International\/wp-json\/wp\/v2\/posts\/39827","targetHints":{"allow":["GET"]}}],"collection":[{"href":"https:\/\/linitiative.ca\/International\/wp-json\/wp\/v2\/posts"}],"about":[{"href":"https:\/\/linitiative.ca\/International\/wp-json\/wp\/v2\/types\/post"}],"author":[{"embeddable":true,"href":"https:\/\/linitiative.ca\/International\/wp-json\/wp\/v2\/users\/1775"}],"replies":[{"embeddable":true,"href":"https:\/\/linitiative.ca\/International\/wp-json\/wp\/v2\/comments?post=39827"}],"version-history":[{"count":0,"href":"https:\/\/linitiative.ca\/International\/wp-json\/wp\/v2\/posts\/39827\/revisions"}],"wp:attachment":[{"href":"https:\/\/linitiative.ca\/International\/wp-json\/wp\/v2\/media?parent=39827"}],"wp:term":[{"taxonomy":"category","embeddable":true,"href":"https:\/\/linitiative.ca\/International\/wp-json\/wp\/v2\/categories?post=39827"},{"taxonomy":"post_tag","embeddable":true,"href":"https:\/\/linitiative.ca\/International\/wp-json\/wp\/v2\/tags?post=39827"}],"curies":[{"name":"wp","href":"https:\/\/api.w.org\/{rel}","templated":true}]}}