{"id":39828,"date":"2019-06-10T06:21:37","date_gmt":"2019-06-10T10:21:37","guid":{"rendered":"https:\/\/linitiative.ca\/International\/croatie-lequipe-de-la-television-tunisienne-refoulee-a-laeroport\/"},"modified":"2019-06-10T06:21:37","modified_gmt":"2019-06-10T10:21:37","slug":"croatie-lequipe-de-la-television-tunisienne-refoulee-a-laeroport","status":"publish","type":"post","link":"https:\/\/linitiative.ca\/International\/croatie-lequipe-de-la-television-tunisienne-refoulee-a-laeroport\/","title":{"rendered":"Croatie: L\u2019\u00e9quipe de la t\u00e9l\u00e9vision tunisienne refoul\u00e9e \u00e0 l\u2019a\u00e9roport"},"content":{"rendered":"<p><strong>Des sources ont confi\u00e9 \u00e0 Mosa\u00efque FM que les autorit\u00e9s croates ont refoul\u00e9 l\u2019\u00e9quipe de la t\u00e9l\u00e9vision tunisienne charg\u00e9e de la couverture du match amical de la s\u00e9lection nationale tunisienne de football.<\/strong><\/p>\n<p>Il s\u2019agit des journalistes Lotfi Khaled et Mohamed Ali Bouzgarrou en plus du cameraman Riadh Haouem. L\u2019\u00e9quipe a \u00e9t\u00e9 refoul\u00e9e \u00e0 son arriv\u00e9e \u00e0 l\u2019a\u00e9roport de Zagreb, selon les m\u00eames sources. Les journalistes \u00e9taient munis de passeports de mission d\u00e9livr\u00e9s \u00e0 l\u2019\u00e9quipe par les autorit\u00e9s tunisiennes. Mais, les services de douane \u00e0 l\u2019a\u00e9roport de Zagreb ont indiqu\u00e9 \u00e0 l\u2019\u00e9quipe qu\u2019il n\u2019y a pas de convention qui permet leur entr\u00e9e sur le territoire croate.\u00a0\u00a0\u00a0<\/p>\n<p>Rappelons que la rencontre amicale face \u00e0 la Croatie est le second match amical pr\u00e9paratif des Aigles de Carthage pour la CAN 2019. Il aura lieu \u00a0le 11 juin \u00e0 Zagreb.<br \/>\u00a0<a href=\"https:\/\/www.mosaiquefm.net\/fr\/print\/558281\/croatie-l-equipe-de-la-television-tunisienne-refoulee-a-l-aeroport\"\/><\/p>\n<p class=\"dpsp-share-text\">Partager c&rsquo;est aimer!<\/p>\n<div class=\"wp-post-author-wrap wp-post-author-shortcode left\">\n<h3 class=\"awpa-title\"\/>\n<div class=\"wp-post-author\">\n<div class=\"awpa-img awpa-author-block square\"><a href=\"http:\/\/lexpertjournal.net\/fr\/author\/expert\/\"><img loading=\"lazy\" decoding=\"async\" alt=\"\" src=\"http:\/\/2.gravatar.com\/avatar\/56d99be2a6f97af88ccb49fada637fcd?s=150&#038;d=mm&#038;r=g\" srcset=\"http:\/\/2.gravatar.com\/avatar\/56d99be2a6f97af88ccb49fada637fcd?s=300&#038;d=mm&#038;r=g 2x\" class=\"avatar avatar-150 photo\" height=\"150\" width=\"150\"\/><\/a><\/div>\n<\/div>\n<\/div>\n<p>Auteur: L&rsquo;expert<br \/>\n<a href=\"http:\/\/lexpertjournal.net\/fr\/2019\/06\/10\/croatie-lequipe-de-la-television-tunisienne-refoulee-a-laeroport\/\">Cliquez ici pour lire l&rsquo;article depuis sa source.<\/a><\/p>\n","protected":false},"excerpt":{"rendered":"<p>Des sources ont confi\u00e9 \u00e0 Mosa\u00efque FM que les autorit\u00e9s croates ont refoul\u00e9 l\u2019\u00e9quipe de la t\u00e9l\u00e9vision tunisienne charg\u00e9e de la couverture du match amical de la s\u00e9lection nationale tunisienne de football. Il s\u2019agit des journalistes Lotfi Khaled et Mohamed Ali Bouzgarrou en plus du cameraman Riadh Haouem. L\u2019\u00e9quipe a \u00e9t\u00e9 refoul\u00e9e \u00e0 son arriv\u00e9e [&hellip;]<\/p>\n","protected":false},"author":1775,"featured_media":0,"comment_status":"closed","ping_status":"closed","sticky":false,"template":"","format":"standard","meta":{"fifu_image_url":"","fifu_image_alt":"","footnotes":""},"categories":[78,55],"tags":[],"class_list":["post-39828","post","type-post","status-publish","format-standard","hentry","category-economie","category-tunisie"],"_links":{"self":[{"href":"https:\/\/linitiative.ca\/International\/wp-json\/wp\/v2\/posts\/39828","targetHints":{"allow":["GET"]}}],"collection":[{"href":"https:\/\/linitiative.ca\/International\/wp-json\/wp\/v2\/posts"}],"about":[{"href":"https:\/\/linitiative.ca\/International\/wp-json\/wp\/v2\/types\/post"}],"author":[{"embeddable":true,"href":"https:\/\/linitiative.ca\/International\/wp-json\/wp\/v2\/users\/1775"}],"replies":[{"embeddable":true,"href":"https:\/\/linitiative.ca\/International\/wp-json\/wp\/v2\/comments?post=39828"}],"version-history":[{"count":0,"href":"https:\/\/linitiative.ca\/International\/wp-json\/wp\/v2\/posts\/39828\/revisions"}],"wp:attachment":[{"href":"https:\/\/linitiative.ca\/International\/wp-json\/wp\/v2\/media?parent=39828"}],"wp:term":[{"taxonomy":"category","embeddable":true,"href":"https:\/\/linitiative.ca\/International\/wp-json\/wp\/v2\/categories?post=39828"},{"taxonomy":"post_tag","embeddable":true,"href":"https:\/\/linitiative.ca\/International\/wp-json\/wp\/v2\/tags?post=39828"}],"curies":[{"name":"wp","href":"https:\/\/api.w.org\/{rel}","templated":true}]}}