{"id":39829,"date":"2019-06-10T05:01:59","date_gmt":"2019-06-10T09:01:59","guid":{"rendered":"https:\/\/linitiative.ca\/International\/usm-bel-abbes-sit-in-et-marche-des-supporters-pour-reclamer-le-depart-del-hannani\/"},"modified":"2019-06-10T05:01:59","modified_gmt":"2019-06-10T09:01:59","slug":"usm-bel-abbes-sit-in-et-marche-des-supporters-pour-reclamer-le-depart-del-hannani","status":"publish","type":"post","link":"https:\/\/linitiative.ca\/International\/usm-bel-abbes-sit-in-et-marche-des-supporters-pour-reclamer-le-depart-del-hannani\/","title":{"rendered":"USM Bel Abb\u00e8s :\u00a0Sit-in et marche des supporters pour r\u00e9clamer le d\u00e9part d\u2019El Hannani"},"content":{"rendered":"<h4 class=\"title-14\"\/>\n<p class=\"p4\"><span class=\"s4\"><strong>D<\/strong><\/span><span class=\"s3\">es centaines de supporters de l\u2019USM Bel Abb\u00e8s ont organis\u00e9, samedi, une marche pour r\u00e9clamer le d\u00e9part du pr\u00e9sident du club, El Hannani Abdelghani.<\/span><\/p>\n<p class=\"p4\"><span class=\"s3\">Ils se sont donn\u00e9 rendez-vous en fin de journ\u00e9e sur l\u2019esplanade de la place du 1<sup>er<\/sup> Novembre (ex-Carnot), avant de se diriger vers le si\u00e8ge de la wilaya puis la r\u00e9sidence du wali, au centre-ville, o\u00f9 ils ont observ\u00e9 des sit-in. <em>\u00abHannani d\u00e9gage !\u00bb<\/em>, ont scand\u00e9 des supporters munis de banderoles sur lesquelles on pouvait lire : \u00abNous voulons le parrainage d\u2019une soci\u00e9t\u00e9 nationale\u00bb, \u00abUne soci\u00e9t\u00e9 pour g\u00e9rer le club non pas seulement pour le sponsoriser\u00bb.<\/span><\/p>\n<p class=\"p4\"><span class=\"s3\">De nombreux fans du club ont \u00e9t\u00e9 unanimes \u00e0 dire que le club de la Mekerra conna\u00eet une crise profonde, marqu\u00e9e par une \u00abd\u00e9bandade\u00bb totale. Le club, qui a pris l\u2019habitude de jouer chaque saison sa survie en Ligue 1, depuis qu\u2019il a repris sa place parmi l\u2019\u00e9lite en 2015, n\u2019a pas d\u00e9rog\u00e9 \u00e0 la r\u00e8gle cette ann\u00e9e encore.<\/span><\/p>\n<p class=\"p4\"><span class=\"s3\">Apr\u00e8s une saison 2018-2019 des plus tumultueuses, malgr\u00e9 deux titres arrach\u00e9s haut la main (coupe d\u2019Alg\u00e9rie et Supercoupe 2018), l\u2019USMBA n\u2019a pu assurer son maintien qu\u2019\u00e0 l\u2019issue de la derni\u00e8re journ\u00e9e du championnat de Ligue 1. <em>\u00abL\u2019USMBA est dans une situation de p\u00e9ril au vu de la gestion d\u00e9sastreuse de ces derni\u00e8res ann\u00e9es. Le club risque gros \u00e0 cause de l\u2019accumulation des dettes et du laisser-aller qui y pr\u00e9vaut\u00bb<\/em>, s\u2019alarment des supporters d\u00e9sappoint\u00e9s.<\/span><\/p>\n<p class=\"p4\"><span class=\"s3\">Cons\u00e9quemment \u00e0 la marche organis\u00e9e avant-hier par les supporters, <em>\u00abune r\u00e9union du conseil d\u2019administration devrait avoir lieu dans les prochains jours\u00bb<\/em>, selon une source proche du club. Les dirigeants du club, fortement contest\u00e9s, n\u2019ont pas encore r\u00e9agi \u00e0 la col\u00e8re grandissante des supporters, au moment o\u00f9 certaines informations font part d\u2019une \u00e9ni\u00e8me d\u00e9mission d\u2019El Hannani.<\/span><\/p>\n<p><span class=\"post-views-label\">Post Views:<\/span> <span class=\"post-views-count\">15<\/span><\/p>\n<p>Auteur: Anis Khecheba<br \/>\n<a href=\"https:\/\/www.elwatan.com\/edition\/sports\/usm-bel-abbes-sit-in-et-marche-des-supporters-pour-reclamer-le-depart-del-hannani-10-06-2019\">Cliquez ici pour lire l&rsquo;article depuis sa source.<\/a><\/p>\n","protected":false},"excerpt":{"rendered":"<p>Des centaines de supporters de l\u2019USM Bel Abb\u00e8s ont organis\u00e9, samedi, une marche pour r\u00e9clamer le d\u00e9part du pr\u00e9sident du club, El Hannani Abdelghani. Ils se sont donn\u00e9 rendez-vous en fin de journ\u00e9e sur l\u2019esplanade de la place du 1er Novembre (ex-Carnot), avant de se diriger vers le si\u00e8ge de la wilaya puis la r\u00e9sidence [&hellip;]<\/p>\n","protected":false},"author":1743,"featured_media":0,"comment_status":"closed","ping_status":"closed","sticky":false,"template":"","format":"standard","meta":{"fifu_image_url":"","fifu_image_alt":"","footnotes":""},"categories":[73,53],"tags":[],"class_list":["post-39829","post","type-post","status-publish","format-standard","hentry","category-actualite","category-algerie"],"_links":{"self":[{"href":"https:\/\/linitiative.ca\/International\/wp-json\/wp\/v2\/posts\/39829","targetHints":{"allow":["GET"]}}],"collection":[{"href":"https:\/\/linitiative.ca\/International\/wp-json\/wp\/v2\/posts"}],"about":[{"href":"https:\/\/linitiative.ca\/International\/wp-json\/wp\/v2\/types\/post"}],"author":[{"embeddable":true,"href":"https:\/\/linitiative.ca\/International\/wp-json\/wp\/v2\/users\/1743"}],"replies":[{"embeddable":true,"href":"https:\/\/linitiative.ca\/International\/wp-json\/wp\/v2\/comments?post=39829"}],"version-history":[{"count":0,"href":"https:\/\/linitiative.ca\/International\/wp-json\/wp\/v2\/posts\/39829\/revisions"}],"wp:attachment":[{"href":"https:\/\/linitiative.ca\/International\/wp-json\/wp\/v2\/media?parent=39829"}],"wp:term":[{"taxonomy":"category","embeddable":true,"href":"https:\/\/linitiative.ca\/International\/wp-json\/wp\/v2\/categories?post=39829"},{"taxonomy":"post_tag","embeddable":true,"href":"https:\/\/linitiative.ca\/International\/wp-json\/wp\/v2\/tags?post=39829"}],"curies":[{"name":"wp","href":"https:\/\/api.w.org\/{rel}","templated":true}]}}