{"id":39830,"date":"2019-06-10T05:15:22","date_gmt":"2019-06-10T09:15:22","guid":{"rendered":"https:\/\/linitiative.ca\/International\/transition-de-lopposition-et-presidentielle-du-pouvoir-les-irreconciliables-approches\/"},"modified":"2019-06-10T05:15:22","modified_gmt":"2019-06-10T09:15:22","slug":"transition-de-lopposition-et-presidentielle-du-pouvoir-les-irreconciliables-approches","status":"publish","type":"post","link":"https:\/\/linitiative.ca\/International\/transition-de-lopposition-et-presidentielle-du-pouvoir-les-irreconciliables-approches\/","title":{"rendered":"Transition de l\u2019opposition et pr\u00e9sidentielle du pouvoir : Les irr\u00e9conciliables approches"},"content":{"rendered":"<h4 class=\"title-14\"\/>\n<p>Un cul-de-sac sans issue ? La dynamique politique d\u00e9clench\u00e9e dans le pays depuis l\u2019historique journ\u00e9e du 22 f\u00e9vrier devant rapidement transformer le syst\u00e8me de gouvernance rencontre un statu quo au sommet du pouvoir.<\/p>\n<p>A mesure que le peuple de vendredi pousse vers le d\u00e9passement de la crise, les h\u00e9ritiers du r\u00e9gime de Bouteflika verrouillent le jeu \u00e0 double tour. Alors que l\u2019insurrection citoyenne traverse son quatri\u00e8me mois sans perdre de sa vigueur, les signes d\u2019un compromis historique paraissent encore loin. Le second discours du chef de l\u2019Etat Abdelkader Bensalah \u2013 le deuxi\u00e8me depuis sa prise de fonction int\u00e9rimaire \u2013 prononc\u00e9 jeudi pass\u00e9 n\u2019a pas montr\u00e9 la voie. Il n\u2019a pas non plus lev\u00e9 le voile sur les intentions des d\u00e9cideurs sur la conduite \u00e0 tenir apr\u00e8s la confirmation de l\u2019annulation de la pr\u00e9sidentielle de 4 juillet.<\/p>\n<p>Prolonger la p\u00e9riode int\u00e9rimaire de Bensalah sans appui constitutionnel \u00e9tale au grand jour l\u2019absence d\u2019un sc\u00e9nario d\u2019anticipation. Vague, confuse et sans agenda politique d\u00e9clin\u00e9, l\u2019intervention du pr\u00e9sident par int\u00e9rim, visiblement affaibli par la maladie, r\u00e9v\u00e8le si besoin est l\u2019\u00e9pais brouillard dans lequel s\u2019enferme le r\u00e9gime. Une profession de foi qui a eu imm\u00e9diatement un effet inverse en musclant la mobilisation populaire dans son 16e vendredi de soul\u00e8vement. D\u00e9pourvu de l\u00e9gitimit\u00e9 et adoss\u00e9 \u00e0 une l\u00e9galit\u00e9 de moins en moins solide, le chef de l\u2019Etat, tout comme le gouvernement de Nouerddine Bedoui mis en quarantaine ne peuvent engager une d\u00e9marche politique s\u00e9rieuse en mesure de passer le cap. Encore moins d\u2019entra\u00eener les Alg\u00e9riens.<\/p>\n<p>Ferme et intransigeant, le chef d\u2019\u00e9tat-major Ahmed Gaid-Salah, v\u00e9ritable d\u00e9tenteur du pouvoir, quant \u00e0 lui, s\u2019accroche obstin\u00e9ment \u00e0 une solution qui passerait par la Constitution qui manifestement n\u2019offre pas beaucoup d\u2019issues. D\u2019\u00e9vidence, il ne veut pas entendre parler de la transition comme option propos\u00e9e et port\u00e9e par une large majorit\u00e9 des manifestants appuy\u00e9e par des acteurs politiques et ceux de la soci\u00e9t\u00e9 civile.<\/p>\n<p>En premi\u00e8re ligne et sur plusieurs fronts, le patron de l\u2019arm\u00e9e qui s\u2019emploie \u00e0 imposer son plan consistant \u00e0 organiser l\u2019\u00e9lection pr\u00e9sidentielle dans les plus brefs d\u00e9lais ne trouve pas d\u2019\u00e9cho dans l\u2019opinion. Car il n\u2019est pas en r\u00e9sonance avec les principales revendications exprim\u00e9es dans les grandissantes mobilisations populaires. Mais aussi et surtout, c\u2019est un plan qui ne trouve pas de preneur politique, y compris chez les partis de la d\u00e9funte coalition pr\u00e9sidentielle compl\u00e8tement disqualifi\u00e9s.<\/p>\n<p>Une situation qui met en confrontation des Alg\u00e9riens en mouvement exprimant une majorit\u00e9 politique face \u00e0 un pouvoir mis en minorit\u00e9 mais qui garde jalousement entre les mains la cl\u00e9 qui ouvre la porte de sortie. Pour l\u2019heure, ces deux approches sont irr\u00e9conciliables. Mais la rupture n\u2019est pas consomm\u00e9e. Si, en effet, le mouvement populaire n\u2019arrive pas \u00e0 se donner un prolongement politique malgr\u00e9 les multiples initiatives et les riches propositions, le pouvoir lui-m\u00eame n\u2019arrive pas non plus \u00e0 mat\u00e9rialiser sa suppos\u00e9e \u00abfeuille de route\u00bb.<\/p>\n<p>Evidente \u00e9quation. Seule l\u2019expression d\u2019une volont\u00e9 politique d\u2019en haut permettra l\u2019\u00e9mergence du projet construit d\u2019en bas. Pour convaincre, Ahmed Ga\u00efd Salah doit au minimum contraindre le gouvernement de Noureddine Bedoui de quitter la sc\u00e8ne pour \u00eatre remplac\u00e9 par une \u00e9quipe compos\u00e9e de personnalit\u00e9s cr\u00e9dibles et permettre la mise en place d\u2019une instance d\u2019organisation de l\u2019\u00e9lection pr\u00e9sidentielle v\u00e9ritablement ind\u00e9pendante. C\u2019est un pr\u00e9alable minimaliste. M\u00eame cette mesure qui pourrait constituer un signal \u2013 faible \u2013 pouvant s\u00e9duire une partie de la classe politique ne semble pas \u00eatre inscrit \u00e0 l\u2019ordre du jour du pouvoir.<\/p>\n<p>Est-ce parce qu\u2019il est difficile de trouver et de convaincre des figures devant composer cette \u00abdream team\u00bb recherch\u00e9e ?<\/p>\n<p>Probablement. C\u2019est dire toute la difficult\u00e9 dans laquelle se trouvent les d\u00e9cideurs. Inconfortable situation. Reconduire le m\u00eame agenda avec les m\u00eames \u00e9quipes aux commandes, c\u2019est r\u00e9server in\u00e9luctablement \u00e0 cette nouvelle \u00e9ch\u00e9ance le m\u00eame sort que le scrutin annul\u00e9 du 4 juillet. Il va sans dire que nul ne mise sur l\u2019\u00e9chec de la seconde r\u00e9volution alg\u00e9rienne. C\u2019est emp\u00eacher l\u2019Alg\u00e9rie de rencontrer son destin. A cette sombre perspective, il faut tout faire pour rendre invincible le Printemps alg\u00e9rien.<\/p>\n<p><span class=\"post-views-label\">Post Views:<\/span> <span class=\"post-views-count\">134<\/span><\/p>\n<p>Auteur: Hicham Chouadria<br \/>\n<a href=\"https:\/\/www.elwatan.com\/edition\/actualite\/transition-de-lopposition-et-presidentielle-du-pouvoir-les-irreconciliables-approches-10-06-2019\">Cliquez ici pour lire l&rsquo;article depuis sa source.<\/a><\/p>\n","protected":false},"excerpt":{"rendered":"<p>Un cul-de-sac sans issue ? La dynamique politique d\u00e9clench\u00e9e dans le pays depuis l\u2019historique journ\u00e9e du 22 f\u00e9vrier devant rapidement transformer le syst\u00e8me de gouvernance rencontre un statu quo au sommet du pouvoir. A mesure que le peuple de vendredi pousse vers le d\u00e9passement de la crise, les h\u00e9ritiers du r\u00e9gime de Bouteflika verrouillent le [&hellip;]<\/p>\n","protected":false},"author":1743,"featured_media":0,"comment_status":"closed","ping_status":"closed","sticky":false,"template":"","format":"standard","meta":{"fifu_image_url":"","fifu_image_alt":"","footnotes":""},"categories":[73,53],"tags":[],"class_list":["post-39830","post","type-post","status-publish","format-standard","hentry","category-actualite","category-algerie"],"_links":{"self":[{"href":"https:\/\/linitiative.ca\/International\/wp-json\/wp\/v2\/posts\/39830","targetHints":{"allow":["GET"]}}],"collection":[{"href":"https:\/\/linitiative.ca\/International\/wp-json\/wp\/v2\/posts"}],"about":[{"href":"https:\/\/linitiative.ca\/International\/wp-json\/wp\/v2\/types\/post"}],"author":[{"embeddable":true,"href":"https:\/\/linitiative.ca\/International\/wp-json\/wp\/v2\/users\/1743"}],"replies":[{"embeddable":true,"href":"https:\/\/linitiative.ca\/International\/wp-json\/wp\/v2\/comments?post=39830"}],"version-history":[{"count":0,"href":"https:\/\/linitiative.ca\/International\/wp-json\/wp\/v2\/posts\/39830\/revisions"}],"wp:attachment":[{"href":"https:\/\/linitiative.ca\/International\/wp-json\/wp\/v2\/media?parent=39830"}],"wp:term":[{"taxonomy":"category","embeddable":true,"href":"https:\/\/linitiative.ca\/International\/wp-json\/wp\/v2\/categories?post=39830"},{"taxonomy":"post_tag","embeddable":true,"href":"https:\/\/linitiative.ca\/International\/wp-json\/wp\/v2\/tags?post=39830"}],"curies":[{"name":"wp","href":"https:\/\/api.w.org\/{rel}","templated":true}]}}