{"id":39831,"date":"2019-06-10T05:36:57","date_gmt":"2019-06-10T09:36:57","guid":{"rendered":"https:\/\/linitiative.ca\/International\/la-remontada\/"},"modified":"2019-06-10T05:36:57","modified_gmt":"2019-06-10T09:36:57","slug":"la-remontada","status":"publish","type":"post","link":"https:\/\/linitiative.ca\/International\/la-remontada\/","title":{"rendered":"La remontada !"},"content":{"rendered":"<p class=\"c4\"><span class=\"c3\"><strong><span class=\"c2\">D<\/span>ans le jargon sportif, on a d\u00e9sormais l\u2019habitude d\u2019emprunter le lexique de la langue ib\u00e9rique \u00abremontada\u00bb pour signifier qu\u2019un club ayant perdu lourdement chez son homologue, parvient \u00e0 remonter son retard au retour et \u00e0 remporter la partie.<\/strong><\/span><\/p>\n<p class=\"c4\">Cette m\u00e9taphore conviendrait peut-\u00eatre \u00e0 l\u2019\u00e9tat actuel de la destination d\u2019Agadir qui s\u2019ing\u00e9nie \u00e0 payer rubis sur l\u2019ongle, une si longue d\u00e9g\u00e9n\u00e9rescence, depuis quasiment 2007. Il est bien \u00e9vident que les al\u00e9as externes, notamment la crise mondiale \u00e9conomique et mon\u00e9taire de 2008 ainsi que les coups du terrorisme avaient affaibli la relance du tourisme dans la premi\u00e8re station baln\u00e9aire du royaume. Il n\u2019en demeure pas moins vrai que l\u2019\u00e9tiolement du secteur \u00e9tait d\u00fb, en grande partie, \u00e0 la d\u00e9ch\u00e9ance chronique, en mati\u00e8re de gestion et de conduite.<\/p>\n<p class=\"c4\">Aujourd\u2019hui, on paie cher les pots cass\u00e9s d\u2019une gouvernance approximative dont les retomb\u00e9es f\u00e2cheuses accablent les diverses ramifications du domaine, plus sp\u00e9cialement l\u2019investissement rentable, la capacit\u00e9 liti\u00e8re, la desserte a\u00e9rienne, l\u2019am\u00e9nagement de la ville, l\u2019animation cr\u00e9ative, les services corrects\u2026Sans avoir aucunement l\u2019intention de \u00abflageller\u00bb les diff\u00e9rents intervenants de la chose touristique r\u00e9gionale, il s\u2019av\u00e8re objectif\u00a0 d\u2019endosser, en revanche, une bonne part de la d\u00e9cadence du secteur, tous aspects r\u00e9unis, \u00e0 la d\u00e9mission de l\u2019Etat, \u00e0 travers ses institutions de tutelle. On ne saurait larguer une destination prometteuse, en cours de chemin, apr\u00e8s avoir d\u00e9cid\u00e9 d\u2019en faire un larron national du tourisme, avec tout ce que ce choix strat\u00e9gique, vu le potentiel naturel du site, suppose de soutien continuel, en investissements publics et accompagnement permanent, en termes de promotion, de marketing, de r\u00e9novation\u2026<\/p>\n<p class=\"c4\">En fait, depuis le cataclysme de 1960 qui avait cruellement frapp\u00e9 Agadir, Feu Hassan II, relayant la dynamique de son auguste p\u00e8re de refonder la ville et de\u00a0 doter son aura du standing touristique escompt\u00e9, avait ancr\u00e9 les plus premiers jalons de cette orientation pionni\u00e8re. L\u2019efficience de la politique volontariste pr\u00f4n\u00e9e en direction de la capitale du Souss ne tardait pas \u00e0 faire fleurir les bourgeons du secteur, par le truchement des\u00a0 unit\u00e9s h\u00f4teli\u00e8res en front de mer. Des promoteurs de haut calibre r\u00e9pondaient \u00e0 cet ardent appel royal et enfantaient de petites merveilles qui drainaient des flux de touristes de tous bords, en particulier des scandinaves, des germaniques, des britanniques\u2026\u00c0 l\u2019\u00e9poque, il n\u2019y avait pas encore cette b\u00eatise du tourisme de \u00abtout compris\u00bb destin\u00e9s aux Tours Operators ou encore de \u00ab filles de joie \u00bb \u00e0 l\u2019adresse des coureurs de jupons du golf.<\/p>\n<p class=\"c4\">En 1998, germait d\u00e9j\u00e0 l\u2019id\u00e9e g\u00e9niale de mobilisation de tous les composantes du secteur, sous le nom du Groupement R\u00e9gional d\u2019int\u00e9r\u00eat Touristique (GRIT). Quelques ann\u00e9es plus tard, elle se concr\u00e9tisait, en 2002, avec un certain Abdeltif Ghissassi, ancien ministre des finances puis de l\u2019agriculture. Ensuite, en 2004, sous la conduction du professionnel Sa\u00efd Scally, naquit le Conseil R\u00e9gional du Tourisme (CRT), nouvelle appellation mais avec le m\u00eame esprit de synergie et surtout avec de nouveaux statuts dont le texte faisait le tour des organisations similaires des r\u00e9gions du pays. C\u2019\u00e9tait l\u00e0, en effet, une premi\u00e8re tentative de rassembler les \u00e9nergies et d\u2019insuffler les impulsions, mettant en symbiose la fameuse triptyque \u00e0 savoir : Professionnels\/\u00c9lus\/ Institutions.<\/p>\n<p class=\"c4\">A pr\u00e9sent, apr\u00e8s pratiquement deux d\u00e9cennies, on se lance \u00e0 ressortir des tiroirs un projet : F\u00e9d\u00e9rations R\u00e9gionales du Tourisme (FRT), sous la banni\u00e8re de la Conf\u00e9d\u00e9ration Nationale du Tourisme (CNT). Cette vision sera donc appliqu\u00e9e \u00e0 Marrakech dans les jours qui suivent, puis respectivement \u00e0 Casablanca et Tanger, ensuite, en 2020, \u00e0 Oujda, Rabat\u00a0et La\u00e2youne, enfin, l\u2019ann\u00e9e suivante, le reste des destinations restantes dont Agadir, destination pris\u00e9e du royaume (sic). En voici encore, une exclusion on ne peut plus extravagante ! A premi\u00e8re vue, on ne comprendra gu\u00e8re cette nouvelle invention qui semble \u00eatre biais\u00e9e, dans la mesure o\u00f9 on veut mettre les b\u0153ufs devant la charrue. Un illogisme qui ne dit pas son nom puisque le bon sens voudrait qu\u2019on mette d\u2019abord sur place les FRT bien avant la CNT, selon le d\u00e9coupage administratif des r\u00e9gions, en vue de se mettre en ad\u00e9quation avec le principe de la r\u00e9gionalisation avanc\u00e9e.<\/p>\n<p class=\"c4\">De surcro\u00eet, on ignorera l\u2019utilit\u00e9 de cette d\u00e9marche improvis\u00e9e, alors que les CRT sont d\u00e9j\u00e0 fonctionnels tant bien que mal, suivant les aptitudes et les contraintes en place. Il y aurait, sans doute, le cas \u00e9ch\u00e9ant, empi\u00e9tement sur les missions et les pr\u00e9rogatives sur l\u2019une et l\u2019autre des structures antagonistes. Le suppos\u00e9 brainstorming g\u00e9n\u00e9rant des deadline en perspective, ne serait qu\u2019illusoire car ces mesures h\u00e2tives ne sont, en r\u00e9alit\u00e9, que des fuites en avant qui tentent de dissimuler un besoin pressant de cures palliatives. C\u2019est autant cumuler encore plus la d\u00e9bandade dans un secteur en souffrance. Si on a vraiment l\u2019intention de mettre de la vigueur dans les CRT et leur donner des grains \u00e0 moudre comme on pr\u00e9tend, il importe beaucoup plus de fortifier ces structures f\u00e9d\u00e9ratrices et appuyer les initiatives des professionnels en respectant leur autonomie d\u2019action, en tant qu\u2019op\u00e9rateurs de terrains. Les CRT ne sont pas du tout des copier-copier, encore moins des coquilles vides, mais des comp\u00e9tences r\u00e9gionales, en parfaite synchronie avec les diff\u00e9rents partenaires.<\/p>\n<p class=\"c4\">Ceci \u00e9tant, on croit bien savoir que le ministre et la secr\u00e9taire d\u2019Etat du d\u00e9partement de tutelle comptent se rendre aujourd\u2019hui, lundi 10 juin, \u00e0 Agadir pour rencontrer tous les intervenants du secteur. Le bin\u00f4me minist\u00e9riel aura certainement \u00e0 \u00e9couter les dol\u00e9ances persistantes d\u2019une destination en perte de vitesse, depuis belle lurette et dont les pr\u00e9mices d\u2019une relance certaine n\u2019est pas \u00e0 \u00e9carter, \u00e9tant donn\u00e9 que les potentialit\u00e9s naturelles et \u00e9conomiques d\u2019une m\u00e9tropole \u00e9mergente existent toujours, en d\u00e9pit de leur d\u00e9gradation d\u00e9cevante. Le constat et le diagnostic de cette corrosion aussi bien humaine que naturelle ne sont plus un secret pour personne. Ce dont a besoin alors cette destination hupp\u00e9e pour redorer son blason, c\u2019est avant tout, de la bonne gouvernance et\u00a0 de l\u2019int\u00e9r\u00eat \u00e9tatique qui font atrocement d\u00e9faut. Pourvu que les h\u00f4tes de la r\u00e9gion soient en mesure de tirer la locomotive Soussie vers le haut et l\u2019extraire de son bourbier ! Mais, loin de verser dans un quelconque pessimisme b\u00e9at ni vexer les volont\u00e9s, on citera l\u2019adage de chez nous \u00abSi la p\u00eache pouvait gu\u00e9rir, elle commencerait par elle-m\u00eame !\u00bb.<\/p>\n<p class=\"c4\">Le rem\u00e8de de tous les maux dont se d\u00e9bat la ville r\u00e9side en un coup de pouce branlant de la plus Haute Autorit\u00e9 de la Nation, pour une dur\u00e9e suffisante, \u00e0 l\u2019instar de nombre de m\u00e9tropoles dont les grands chantiers fleurissent \u00e0 grande \u00e9chelle. Une opportunit\u00e9 que tout le monde attend avec impatience ! Un appel qu\u2019on ne cesse de brandir, haut et fort pour la justice spatiale.<\/p>\n<p class=\"c5\"><strong>Saoudi El Amalki<\/strong><\/p>\n<p>Auteur: rahal mehamed<br \/>\n<a href=\"http:\/\/albayane.press.ma\/la-remontada.html\">Cliquez ici pour lire l&rsquo;article depuis sa source.<\/a><\/p>\n","protected":false},"excerpt":{"rendered":"<p>Dans le jargon sportif, on a d\u00e9sormais l\u2019habitude d\u2019emprunter le lexique de la langue ib\u00e9rique \u00abremontada\u00bb pour signifier qu\u2019un club ayant perdu lourdement chez son homologue, parvient \u00e0 remonter son retard au retour et \u00e0 remporter la partie. Cette m\u00e9taphore conviendrait peut-\u00eatre \u00e0 l\u2019\u00e9tat actuel de la destination d\u2019Agadir qui s\u2019ing\u00e9nie \u00e0 payer rubis sur [&hellip;]<\/p>\n","protected":false},"author":1760,"featured_media":0,"comment_status":"closed","ping_status":"closed","sticky":false,"template":"","format":"standard","meta":{"fifu_image_url":"","fifu_image_alt":"","footnotes":""},"categories":[73,54],"tags":[],"class_list":["post-39831","post","type-post","status-publish","format-standard","hentry","category-actualite","category-maroc"],"_links":{"self":[{"href":"https:\/\/linitiative.ca\/International\/wp-json\/wp\/v2\/posts\/39831","targetHints":{"allow":["GET"]}}],"collection":[{"href":"https:\/\/linitiative.ca\/International\/wp-json\/wp\/v2\/posts"}],"about":[{"href":"https:\/\/linitiative.ca\/International\/wp-json\/wp\/v2\/types\/post"}],"author":[{"embeddable":true,"href":"https:\/\/linitiative.ca\/International\/wp-json\/wp\/v2\/users\/1760"}],"replies":[{"embeddable":true,"href":"https:\/\/linitiative.ca\/International\/wp-json\/wp\/v2\/comments?post=39831"}],"version-history":[{"count":0,"href":"https:\/\/linitiative.ca\/International\/wp-json\/wp\/v2\/posts\/39831\/revisions"}],"wp:attachment":[{"href":"https:\/\/linitiative.ca\/International\/wp-json\/wp\/v2\/media?parent=39831"}],"wp:term":[{"taxonomy":"category","embeddable":true,"href":"https:\/\/linitiative.ca\/International\/wp-json\/wp\/v2\/categories?post=39831"},{"taxonomy":"post_tag","embeddable":true,"href":"https:\/\/linitiative.ca\/International\/wp-json\/wp\/v2\/tags?post=39831"}],"curies":[{"name":"wp","href":"https:\/\/api.w.org\/{rel}","templated":true}]}}