{"id":39834,"date":"2019-06-10T05:43:09","date_gmt":"2019-06-10T09:43:09","guid":{"rendered":"https:\/\/linitiative.ca\/International\/un-bulletin-de-conformite-exige-dans-le-marche\/"},"modified":"2019-06-10T05:43:09","modified_gmt":"2019-06-10T09:43:09","slug":"un-bulletin-de-conformite-exige-dans-le-marche","status":"publish","type":"post","link":"https:\/\/linitiative.ca\/International\/un-bulletin-de-conformite-exige-dans-le-marche\/","title":{"rendered":"Un bulletin de conformit\u00e9 exig\u00e9 dans le march\u00e9"},"content":{"rendered":"<p class=\"c4\"><span class=\"c3\"><strong><span class=\"c2\">D<\/span>epuis l\u2019annonce par les services de l\u2019Office nationale de s\u00e9curit\u00e9 sanitaire des produits alimentaires(ONSSA) de l\u2019existence d\u2019un taux \u00e9lev\u00e9 de pesticides dans les cultures de la menthe, le contr\u00f4le a \u00e9t\u00e9 renforc\u00e9 dans les diff\u00e9rentes zones de production de cette plante fortement consomm\u00e9e par les Marocains.\u00a0 Mis \u00e0 part la destruction massive des champs hautement risqu\u00e9s et pr\u00e9sentant un niveau non conforme aux normes de s\u00e9curit\u00e9 sanitaire des produits alimentaires, la justice prend en charge le dossier\u00a0 pour r\u00e9primander les producteurs\u00a0 hors normes et les contrevenants.<\/strong><\/span><\/p>\n<p class=\"c4\">L\u2019utilisation des pesticides non autoris\u00e9s dans les produits agricoles et non conformes \u00e0 la s\u00e9curit\u00e9 sanitaire de l\u2019homme bat le plein dans le secteur agricole. La d\u00e9tection r\u00e9cente par les services de contr\u00f4le de l\u2019ONSSA de plusieurs champs non conformes de culture de la menthe et dont le taux d\u2019utilisation des pesticides a \u00e9t\u00e9 jug\u00e9 tr\u00e8s \u00e9lev\u00e9 et m\u00eame non autoris\u00e9 pour la consommation humaine en dit long sur cette pratique d\u00e9mesur\u00e9e et tr\u00e8s r\u00e9pandue \u00a0dans notre pays. Dans un communiqu\u00e9, l\u2019Office indique que ses services de contr\u00f4le, en collaboration avec les autorit\u00e9s locales comp\u00e9tentes, ont d\u00e9truit plusieurs \u00abcultures de champs de menthe ayant \u00e9t\u00e9 trait\u00e9es par des pesticides non autoris\u00e9s pour cette culture afin d\u2019\u00e9viter sa commercialisation sur les march\u00e9s nationaux. Parall\u00e8lement, des PV d\u2019infractions ont \u00e9t\u00e9 dress\u00e9s \u00e0 l\u2019encontre des contrevenants et ont \u00e9t\u00e9 envoy\u00e9s \u00e0 la justice\u00bb.<\/p>\n<p class=\"c4\">L\u2019ONSSA\u00a0 rappelle, toutefois, que l\u2019utilisation de pesticides non autoris\u00e9s ne touche pas la totalit\u00e9 des champs de production de la menthe et que des zones ont \u00e9t\u00e9\u00a0d\u00e9clar\u00e9es conformes et ne pr\u00e9sentant aucun risque sur la s\u00e9curit\u00e9 sanitaire de l\u2019homme.\u00a0 D\u2019ailleurs, les instructions ont \u00e9t\u00e9 donn\u00e9es aux autorit\u00e9s des march\u00e9s de gros et autres points de vente (grandes et moyennes surfaces) de la menthe de ne commercialiser que la menthe pr\u00e9sentant un bulletin d\u2019analyse conforme \u00e0 la s\u00e9curit\u00e9 sanitaire de la menthe. \u00a0\u00abCette mesure intervient apr\u00e8s que les r\u00e9sultats des analyses de plusieurs \u00e9chantillons ont r\u00e9v\u00e9l\u00e9 l\u2019utilisation de pesticides non autoris\u00e9s sur la culture de la menthe. Il importe de pr\u00e9ciser que ce constat ne peut \u00eatre g\u00e9n\u00e9ralis\u00e9 \u00e0 toute la production de la menthe mise sur le march\u00e9 local\u00bb, note le communiqu\u00e9 de l\u2019Office. Ce dernier rassure quant \u00e0 la poursuite et le maintien de la surveillance et le contr\u00f4le sanitaire des cultures de menthe au niveau de la production et de la distribution. Aujourd\u2019hui, les dossiers des contrevenants sont entre les mains de la justice pour les poursuivre contre les d\u00e9lits caus\u00e9s.\u00a0 Une poursuite qui doit \u00eatre g\u00e9n\u00e9ralis\u00e9e \u00e0 d\u2019autres\u00a0 cultures agricoles et bien d\u2019autres fili\u00e8res qui sont encore loin de la conformit\u00e9 sanitaire exig\u00e9e.<\/p>\n<p class=\"c4\"><strong><span class=\"c2\">L\u2019<\/span><span class=\"c5\">utilisation raisonn\u00e9e des pesticides contribue \u00e0 la lutte contre les organismes nuisibles \u00e0 la menthe (maladies, insectes ravageurs, mauvaises herbes). Toutefois, l\u2019ONSSA appelle les agriculteurs \u00e0 utiliser uniquement les produits homologu\u00e9s et \u00e0 respecter scrupuleusement le mode d\u2019emploi. \u00a0Le non respect de la r\u00e8glementation en vigueur en mati\u00e8re de pesticide entrainera des sanctions administratives et des poursuites judiciaires.<\/span><\/strong><\/p>\n<p class=\"c6\"><strong>Fairouz El Mouden<\/strong><\/p>\n<p>Auteur: rahal mehamed<br \/>\n<a href=\"http:\/\/albayane.press.ma\/un-bulletin-de-conformite-exige-dans-le-marche.html\">Cliquez ici pour lire l&rsquo;article depuis sa source.<\/a><\/p>\n","protected":false},"excerpt":{"rendered":"<p>Depuis l\u2019annonce par les services de l\u2019Office nationale de s\u00e9curit\u00e9 sanitaire des produits alimentaires(ONSSA) de l\u2019existence d\u2019un taux \u00e9lev\u00e9 de pesticides dans les cultures de la menthe, le contr\u00f4le a \u00e9t\u00e9 renforc\u00e9 dans les diff\u00e9rentes zones de production de cette plante fortement consomm\u00e9e par les Marocains.\u00a0 Mis \u00e0 part la destruction massive des champs hautement [&hellip;]<\/p>\n","protected":false},"author":1760,"featured_media":0,"comment_status":"closed","ping_status":"closed","sticky":false,"template":"","format":"standard","meta":{"fifu_image_url":"","fifu_image_alt":"","footnotes":""},"categories":[73,54],"tags":[],"class_list":["post-39834","post","type-post","status-publish","format-standard","hentry","category-actualite","category-maroc"],"_links":{"self":[{"href":"https:\/\/linitiative.ca\/International\/wp-json\/wp\/v2\/posts\/39834","targetHints":{"allow":["GET"]}}],"collection":[{"href":"https:\/\/linitiative.ca\/International\/wp-json\/wp\/v2\/posts"}],"about":[{"href":"https:\/\/linitiative.ca\/International\/wp-json\/wp\/v2\/types\/post"}],"author":[{"embeddable":true,"href":"https:\/\/linitiative.ca\/International\/wp-json\/wp\/v2\/users\/1760"}],"replies":[{"embeddable":true,"href":"https:\/\/linitiative.ca\/International\/wp-json\/wp\/v2\/comments?post=39834"}],"version-history":[{"count":0,"href":"https:\/\/linitiative.ca\/International\/wp-json\/wp\/v2\/posts\/39834\/revisions"}],"wp:attachment":[{"href":"https:\/\/linitiative.ca\/International\/wp-json\/wp\/v2\/media?parent=39834"}],"wp:term":[{"taxonomy":"category","embeddable":true,"href":"https:\/\/linitiative.ca\/International\/wp-json\/wp\/v2\/categories?post=39834"},{"taxonomy":"post_tag","embeddable":true,"href":"https:\/\/linitiative.ca\/International\/wp-json\/wp\/v2\/tags?post=39834"}],"curies":[{"name":"wp","href":"https:\/\/api.w.org\/{rel}","templated":true}]}}