{"id":39835,"date":"2019-06-10T05:23:22","date_gmt":"2019-06-10T09:23:22","guid":{"rendered":"https:\/\/linitiative.ca\/International\/said-salhi-vice-president-de-la-ligue-algerienne-pour-la-defense-des-droits-de-lhomme-laddh-la-conference-du-15-juin-nest-pas-notre-objectif-cest-une-etape-dans\/"},"modified":"2019-06-10T05:23:22","modified_gmt":"2019-06-10T09:23:22","slug":"said-salhi-vice-president-de-la-ligue-algerienne-pour-la-defense-des-droits-de-lhomme-laddh-la-conference-du-15-juin-nest-pas-notre-objectif-cest-une-etape-dans","status":"publish","type":"post","link":"https:\/\/linitiative.ca\/International\/said-salhi-vice-president-de-la-ligue-algerienne-pour-la-defense-des-droits-de-lhomme-laddh-la-conference-du-15-juin-nest-pas-notre-objectif-cest-une-etape-dans\/","title":{"rendered":"Sa\u00efd Salhi. vice-pr\u00e9sident de la Ligue alg\u00e9rienne pour la d\u00e9fense des droits de l\u2019homme (LADDH) : \u00abLa conf\u00e9rence du 15 juin n\u2019est pas notre objectif, c\u2019est une \u00e9tape dans un processus\u00bb"},"content":{"rendered":"<h4 class=\"title-14\"\/>\n<div class=\"featured_image\"><img width=\"392\" height=\"392\" data-cfsrc=\"https:\/\/www.elwatan.com\/wp-content\/uploads\/2019\/06\/salhi-col.jpg\" class=\"attachment-post-thumbnail size-post-thumbnail wp-post-image c1\" alt=\"\" srcset=\"https:\/\/www.elwatan.com\/wp-content\/uploads\/2019\/06\/salhi-col.jpg 392w, https:\/\/www.elwatan.com\/wp-content\/uploads\/2019\/06\/salhi-col-150x150.jpg 150w, https:\/\/www.elwatan.com\/wp-content\/uploads\/2019\/06\/salhi-col-300x300.jpg 300w\" sizes=\"(max-width: 392px) 100vw, 392px\"\/><noscript><\/p>\n<p><img loading=\"lazy\" decoding=\"async\" width=\"392\" height=\"392\" src=\"https:\/\/www.elwatan.com\/wp-content\/uploads\/2019\/06\/salhi-col.jpg\" class=\"attachment-post-thumbnail size-post-thumbnail wp-post-image\" alt=\"\" srcset=\"https:\/\/www.elwatan.com\/wp-content\/uploads\/2019\/06\/salhi-col.jpg 392w, https:\/\/www.elwatan.com\/wp-content\/uploads\/2019\/06\/salhi-col-150x150.jpg 150w, https:\/\/www.elwatan.com\/wp-content\/uploads\/2019\/06\/salhi-col-300x300.jpg 300w\" sizes=\"auto, (max-width: 392px) 100vw, 392px\"\/><\/p>\n<p><\/noscript><\/div>\n<p><em><strong>Comment \u00e9valuez-vous la 4e rencontre de la soci\u00e9t\u00e9 civile qui reste ouverte en raison du non-aboutissement \u00e0 un consensus sur une feuille de route commune de sortie de crise ?<\/strong><\/em><\/p>\n<p>Il s\u2019agit d\u2019une r\u00e9union de pr\u00e9paration pour la Conf\u00e9rence nationale pr\u00e9vue pour le 15 juin 2019, cruciale et importante. Bien avant cette r\u00e9union, nous avons mis en place un groupe de travail mixte, qui est charg\u00e9 de rapprocher les trois feuilles de route des trois dynamiques pour aller vers une seule proposition \u00e0 pr\u00e9senter lors de la conf\u00e9rence.<\/p>\n<p>Les trois dynamiques sont celles de notre Collectif de la soci\u00e9t\u00e9 civile pour une transition d\u00e9mocratique, la Conf\u00e9d\u00e9ration des syndicats avec le collectif El Amel et l\u2019association des Oul\u00e9ma musulmans, le Forum civil, chacune \u00e0 sa propre feuille de route. La n\u00f4tre, on l\u2019a rendue publique le 18 mai 2019, un mois apr\u00e8s la cr\u00e9ation du collectif, le 27 f\u00e9vrier 2019.<\/p>\n<p>Depuis, nous avons lanc\u00e9 des consultations avec les autres acteurs de la soci\u00e9t\u00e9 civile mais aussi des partis politiques de l\u2019opposition, nous avons mis comme seul pr\u00e9alable pour ces consultations\u00a0: la rupture pacifique avec le syst\u00e8me et l\u2019adh\u00e9sion aux revendications l\u00e9gitimes du mouvement populaire, hirak. Nous voulions \u00eatre en phase et en totale symbiose avec le mouvement qui a r\u00e9ussi \u00e0 construire un front commun dans l\u2019union, dans un consensus, contre le syst\u00e8me.<\/p>\n<p>C\u2019est ce consensus construit dans la rue, qui se manifeste chaque vendredi, que nous voulions traduire en un message politique, un consensus fort, bas\u00e9 sur le vivre-ensemble dans la paix, la d\u00e9mocratie et la diversit\u00e9.<\/p>\n<p>En tant que soci\u00e9t\u00e9 civile, conscients de notre responsabilit\u00e9 historique et partant de notre mandat de force de propositions et de m\u00e9diation, nous avons mis \u00e0 d\u00e9bat notre proposition de feuille de route qui est rest\u00e9e ouverte, on l\u2019a dit, car nous voulions aller vers un large consensus pour l\u2019\u00e9dification de l\u2019Alg\u00e9rie de demain, celle de tous nos espoirs communs.<\/p>\n<p>Un Etat civil, d\u00e9mocratique et social autour des valeurs de libert\u00e9, d\u2019\u00e9galit\u00e9, des droits humains\u2026 Au-del\u00e0 de ce premier round de consultations avec la majorit\u00e9 des acteurs, des sensibilit\u00e9s qui traversent la soci\u00e9t\u00e9, nous avons lanc\u00e9 le 27 avril 2019 l\u2019id\u00e9e de la Conf\u00e9rence nationale qui sera l\u2019espace de convergence de toutes les propositions.<\/p>\n<p><em><strong>La rencontre de samedi \u00e9tait tr\u00e8s anim\u00e9e\u2026<\/strong><\/em><\/p>\n<p>Effectivement, cette rencontre \u00e9tait tr\u00e8s anim\u00e9e. On le savait et on \u00e9tait conscients du d\u00e9fi, car compos\u00e9e de toutes les sensibilit\u00e9s, qui n\u2019ont jamais eu l\u2019occasion auparavant de se rencontrer et de travailler ensemble. Il y avait des syndicats, des associations des droits humains, des jeunes, des femmes, des proches de disparus, des \u00e9tudiants, des repr\u00e9sentants du secteur de la culture, des religieux. C\u2019\u00e9tait vraiment une participation arc-en-ciel.<\/p>\n<p>Il y a forc\u00e9ment des divergences et des approches diff\u00e9rentes. Notre objectif n\u2019est pas de les taire ou de les niveler. Bien au contraire, les exprimer en les assumant en toute libert\u00e9 et franchise.<\/p>\n<p>Le d\u00e9fi est d\u2019acter les convergences\u00a0: en mati\u00e8re d\u2019appr\u00e9ciation de l\u2019actualit\u00e9, de la sortie de crise, mais aussi au sujet de l\u2019Alg\u00e9rie de demain. Un exercice ardu, malgr\u00e9 tout, les participants \u00e9taient tous anim\u00e9s par cette envie d\u2019arriver \u00e0 un consensus, car notre initiative reste la seule qui ait suscit\u00e9, jusque-l\u00e0, de l\u2019attente et de l\u2019espoir, sa force, sa l\u00e9gitimit\u00e9 et sa cr\u00e9dibilit\u00e9 r\u00e9sident justement dans sa composante, sa pluralit\u00e9 et sa repr\u00e9sentativit\u00e9. On n\u2019a pas le droit de d\u00e9cevoir la rue et de nourrir les tenants du chaos et de la division.<\/p>\n<p>Le peuple nous a montr\u00e9 la voie, il nous a devanc\u00e9, \u00e0 nous d\u2019\u00eatre \u00e0 l\u2019\u00e9coute et \u00e0 la hauteur de ses aspirations face \u00e0 un syst\u00e8me qui n\u2019a m\u00e9nag\u00e9 aucun effort pour diviser les Alg\u00e9riens. La soci\u00e9t\u00e9 civile peut donc relever le d\u00e9fi de la m\u00e9diation, car elle n\u2019est pas anim\u00e9e par les enjeux de prise de pouvoir qui sont le r\u00f4le des partis politiques.<\/p>\n<p><em><strong>Quels sont les points de divergence entre les trois dynamiques qui participent \u00e0 cette concertation, \u00e0 savoir le<\/strong><\/em><br \/><em><strong>Collectif de la soci\u00e9t\u00e9 civile pour la transition d\u00e9mocratique, le Forum civil pour le changement et la conf\u00e9d\u00e9ration des syndicats alg\u00e9riens ?<\/strong><\/em><\/p>\n<p>Le groupe mixte, qui regroupe des repr\u00e9sentants des trois dynamiques, s\u2019est attel\u00e9 \u00e0 travailler pendant une semaine lors de r\u00e9unions interminables. Nous avons avanc\u00e9 sur plusieurs points : l\u2019exigence de rester en phase avec le mouvement populaire, qui est l\u2019arbitre, le dernier mot lui revient. On ne pr\u00e9tend pas \u00e0 le repr\u00e9senter.<\/p>\n<p>On s\u2019est entendu sur la n\u00e9cessit\u00e9 d\u2019une transition politique pacifique et consensuelle pour acter la rupture avec le syst\u00e8me et aller vers un nouveau. On s\u2019est aussi entendu sur les institutions de transition.<\/p>\n<p>Nous avons \u00e9galement discut\u00e9 au sujet du dialogue, comme une vertu et une valeur pour toute r\u00e9solution de conflits, juste qu\u2019il faudra qu\u2019il soit balis\u00e9 avec des pr\u00e9alables et doit permettre le changement du syst\u00e8me, objectif premier du mouvement.<br \/>Un premier projet de feuille de route a \u00e9t\u00e9 pr\u00e9sent\u00e9.<\/p>\n<p>Il n\u2019a pas eu l\u2019adh\u00e9sion de tous les participants, des divergences sont soulev\u00e9es autour des points importants, \u00e0 savoir la question des valeurs et principes qui doivent \u00eatre introduits dans le pr\u00e9ambule, la question des pr\u00e9alables \u00e0 tout dialogue avec le syst\u00e8me et la question des \u00e9lections.<\/p>\n<p>Le plus important pour nous est d\u2019aller vers une p\u00e9riode de transition avec des institutions fortes qui permettront de r\u00e9unir toutes les conditions et garanties avant tout retour aux \u00e9lections.<\/p>\n<p>Et tout cela dans le but de permettre au peuple alg\u00e9rien d\u2019exercer r\u00e9ellement et librement sa volont\u00e9. Je ne pourrais pas dire plus, sauf cette d\u00e9termination de l\u2019ensemble des pr\u00e9sents \u00e0 poursuivre le travail et \u00e0 laisser la r\u00e9union ouverte pour approfondir les discussions et d\u00e9bats afin d\u2019aboutir \u00e0 un compromis. Des propositions ont \u00e9t\u00e9 faites. Il faudra se donner le temps pour maturer tout cela et laisser prendre.<\/p>\n<p><em><strong>Pensez-vous que les divergences puissent \u00eatre d\u00e9pass\u00e9es et que le consensus recherch\u00e9 puisse se d\u00e9gager avant le 15 juin, date pr\u00e9vue pour la Conf\u00e9rence nationale de la soci\u00e9t\u00e9 civile ?<\/strong><\/em><\/p>\n<p>Oui, la r\u00e9union d\u2019hier est laiss\u00e9e ouverte avec l\u2019engagement de tous de poursuivre les discussions avant d\u2019aller \u00e0 cette conf\u00e9rence. A rappeler que la conf\u00e9rence n\u2019est pas notre objectif, c\u2019est une \u00e9tape, une station dans un processus. C\u2019est un moyen de consolidation du consensus, nous voulons, \u00e0 travers elle, pr\u00e9senter la feuille de route consensuelle et aller, dans une deuxi\u00e8me \u00e9tape, vers les autres acteurs politiques.<\/p>\n<p><em><strong>Dans son dernier discours, le chef de l\u2019Etat, Abdelkader Bensalah, relance son appel au dialogue. Mais quel dialogue faut-il pour faire sortir le pays de l\u2019impasse actuelle ?<\/strong><\/em><\/p>\n<p>Le seul dialogue possible, c\u2019est celui qui amorcera un processus qui permettra au peuple de reprendre sa souverainet\u00e9. C\u2019est celui qui permettra au pays de se doter d\u2019institutions fortes, l\u00e9gitimes, d\u2019un Etat en phase avec le peuple, qui traduit ses aspirations, qui permet \u00e0 tous les Alg\u00e9riens de vivre dans la diversit\u00e9, la dignit\u00e9 et les libert\u00e9s.<\/p>\n<p>Le dialogue doit \u00eatre sinc\u00e8re. Il doit \u00eatre pr\u00e9c\u00e9d\u00e9 par des signaux forts, \u00e0 savoir la lev\u00e9e des restrictions sur les champs d\u2019exercice des libert\u00e9s d\u00e9mocratiques, l\u2019arr\u00eat des poursuites judiciaires contre les activistes et la lib\u00e9ration de tous les d\u00e9tenus d\u2019opinion.<\/p>\n<p>Le dialogue ne doit pas \u00eatre exclusif, autour d\u2019un ordre du jour impos\u00e9 et pilot\u00e9 par des figures rejet\u00e9es par la rue. Le syst\u00e8me appelle \u00e0 un dialogue autour de sa feuille de route rejet\u00e9e massivement lors de la marche du 16e vendredi.<\/p>\n<p><span class=\"post-views-label\">Post Views:<\/span> <span class=\"post-views-count\">59<\/span><\/p>\n<p>Auteur: Hicham Chouadria<br \/>\n<a href=\"https:\/\/www.elwatan.com\/edition\/actualite\/said-salhi-vice-president-de-la-ligue-algerienne-pour-la-defense-des-droits-de-lhomme-laddh-la-conference-du-15-juin-nest-pas-notre-objectif-cest-une-etape-dans-10-06-2019\">Cliquez ici pour lire l&rsquo;article depuis sa source.<\/a><\/p>\n","protected":false},"excerpt":{"rendered":"<p>Comment \u00e9valuez-vous la 4e rencontre de la soci\u00e9t\u00e9 civile qui reste ouverte en raison du non-aboutissement \u00e0 un consensus sur une feuille de route commune de sortie de crise ? Il s\u2019agit d\u2019une r\u00e9union de pr\u00e9paration pour la Conf\u00e9rence nationale pr\u00e9vue pour le 15 juin 2019, cruciale et importante. Bien avant cette r\u00e9union, nous avons [&hellip;]<\/p>\n","protected":false},"author":1743,"featured_media":39836,"comment_status":"closed","ping_status":"closed","sticky":false,"template":"","format":"standard","meta":{"fifu_image_url":"","fifu_image_alt":"","footnotes":""},"categories":[73,53],"tags":[],"class_list":["post-39835","post","type-post","status-publish","format-standard","has-post-thumbnail","hentry","category-actualite","category-algerie"],"_links":{"self":[{"href":"https:\/\/linitiative.ca\/International\/wp-json\/wp\/v2\/posts\/39835","targetHints":{"allow":["GET"]}}],"collection":[{"href":"https:\/\/linitiative.ca\/International\/wp-json\/wp\/v2\/posts"}],"about":[{"href":"https:\/\/linitiative.ca\/International\/wp-json\/wp\/v2\/types\/post"}],"author":[{"embeddable":true,"href":"https:\/\/linitiative.ca\/International\/wp-json\/wp\/v2\/users\/1743"}],"replies":[{"embeddable":true,"href":"https:\/\/linitiative.ca\/International\/wp-json\/wp\/v2\/comments?post=39835"}],"version-history":[{"count":0,"href":"https:\/\/linitiative.ca\/International\/wp-json\/wp\/v2\/posts\/39835\/revisions"}],"wp:featuredmedia":[{"embeddable":true,"href":"https:\/\/linitiative.ca\/International\/wp-json\/"}],"wp:attachment":[{"href":"https:\/\/linitiative.ca\/International\/wp-json\/wp\/v2\/media?parent=39835"}],"wp:term":[{"taxonomy":"category","embeddable":true,"href":"https:\/\/linitiative.ca\/International\/wp-json\/wp\/v2\/categories?post=39835"},{"taxonomy":"post_tag","embeddable":true,"href":"https:\/\/linitiative.ca\/International\/wp-json\/wp\/v2\/tags?post=39835"}],"curies":[{"name":"wp","href":"https:\/\/api.w.org\/{rel}","templated":true}]}}