{"id":39837,"date":"2019-06-10T05:25:22","date_gmt":"2019-06-10T09:25:22","guid":{"rendered":"https:\/\/linitiative.ca\/International\/conference-nationale-de-la-societe-civile-entre-la-presidentielle-et-la-constituante\/"},"modified":"2019-06-10T05:25:22","modified_gmt":"2019-06-10T09:25:22","slug":"conference-nationale-de-la-societe-civile-entre-la-presidentielle-et-la-constituante","status":"publish","type":"post","link":"https:\/\/linitiative.ca\/International\/conference-nationale-de-la-societe-civile-entre-la-presidentielle-et-la-constituante\/","title":{"rendered":"Conf\u00e9rence nationale de la soci\u00e9t\u00e9 civile : Entre la pr\u00e9sidentielle et la constituante"},"content":{"rendered":"<h4 class=\"title-14\"\/>\n<div class=\"featured_image\"><img width=\"794\" height=\"474\" data-cfsrc=\"https:\/\/www.elwatan.com\/wp-content\/uploads\/2019\/06\/manif-1-e1559433075556.jpg\" class=\"attachment-post-thumbnail size-post-thumbnail wp-post-image c1\" alt=\"Conf\u00e9rence nationale de la soci\u00e9t\u00e9 civile : Entre la pr\u00e9sidentielle et la constituante\" srcset=\"https:\/\/www.elwatan.com\/wp-content\/uploads\/2019\/06\/manif-1-e1559433075556.jpg 794w, https:\/\/www.elwatan.com\/wp-content\/uploads\/2019\/06\/manif-1-e1559433075556-300x179.jpg 300w, https:\/\/www.elwatan.com\/wp-content\/uploads\/2019\/06\/manif-1-e1559433075556-768x458.jpg 768w\" sizes=\"(max-width: 794px) 100vw, 794px\"\/><noscript><\/p>\n<p><img loading=\"lazy\" decoding=\"async\" width=\"794\" height=\"474\" src=\"https:\/\/www.elwatan.com\/wp-content\/uploads\/2019\/06\/manif-1-e1559433075556.jpg\" class=\"attachment-post-thumbnail size-post-thumbnail wp-post-image\" alt=\"Conf\u00e9rence nationale de la soci\u00e9t\u00e9 civile : Entre la pr\u00e9sidentielle et la constituante\" srcset=\"https:\/\/www.elwatan.com\/wp-content\/uploads\/2019\/06\/manif-1-e1559433075556.jpg 794w, https:\/\/www.elwatan.com\/wp-content\/uploads\/2019\/06\/manif-1-e1559433075556-300x179.jpg 300w, https:\/\/www.elwatan.com\/wp-content\/uploads\/2019\/06\/manif-1-e1559433075556-768x458.jpg 768w\" sizes=\"auto, (max-width: 794px) 100vw, 794px\"\/><\/p>\n<p><\/noscript> <span class=\"featured-image-caption\">(Photo : Ly\u00e8s H)<\/span><\/div>\n<p>Les Dynamiques de la soci\u00e9t\u00e9 civile ont tenu, avant-hier, au si\u00e8ge du Cnapest \u00e0 Alger, leur quatri\u00e8me round de concertation dans le cadre de la pr\u00e9paration de la Conf\u00e9rence nationale de la soci\u00e9t\u00e9 civile, qui doit se tenir le 15 du mois en cours.<\/p>\n<p>Un rendez-vous durant lequel devra \u00eatre pr\u00e9sent\u00e9e une \u00abfeuille de route consensuelle\u00bb de sortie de crise. Ces trois \u00abdynamiques\u00bb, regroupant la Conf\u00e9d\u00e9ration des syndicats autonomes, le Forum civil pour le changement et le Collectif de la soci\u00e9t\u00e9 civile, ne sont pas arriv\u00e9es, durant cette quatri\u00e8me r\u00e9union, \u00e0 un consensus, chacune d\u2019elles ayant au pr\u00e9alable sa propre feuille de route.<\/p>\n<p>\u00abLa r\u00e9union de concertation entre les trois dynamiques est rest\u00e9e ouverte. Un d\u00e9bat franc, anim\u00e9 et contradictoire a eu lieu autour de la proposition de la feuille de route de la soci\u00e9t\u00e9 civile, que nous voulons consensuelle\u00bb, a indiqu\u00e9 \u00e0 la fin des travaux, Abdelouahab Fersaoui, pr\u00e9sident de RAJ, une association faisant partie du Collectif de la soci\u00e9t\u00e9 civile pour la transition d\u00e9mocratique.<\/p>\n<p>\u00abAu terme de la r\u00e9union, le consensus n\u2019est toujours pas d\u00e9gag\u00e9, mais tous les participants se sont mis d\u2019accord pour poursuivre les discussions avant la conf\u00e9rence nationale pour l\u2019\u00e9laboration d\u2019une feuille de route pour une transition d\u00e9mocratique et pacifique r\u00e9pondant aux aspirations du mouvement populaire\u00bb, a-t-il ajout\u00e9, tout en pr\u00e9cisant qu\u2019\u00abil est question de consolider les points de convergence et de rapprocher au maximum les divergences et les diff\u00e9rents points de vue\u00bb.<\/p>\n<p>Une autre r\u00e9union devrait avoir lieu durant la semaine en cours. Jusque-l\u00e0, les diff\u00e9rents participants \u00e0 ces r\u00e9unions ne veulent pas \u00e9voquer un \u00e9ventuel report de la Conf\u00e9rence nationale du 15 juin, se montrant plut\u00f4t optimistes quant \u00e0 la suite des \u00e9v\u00e9nements.<\/p>\n<p>A la fin de la r\u00e9union d\u2019avant-hier, \u00e0 laquelle, faut-il le rappeler, ont pris part pr\u00e8s de 70 organisations, les uns et les autres se sont engag\u00e9s \u00e0 \u00abpoursuivre le travail\u00bb afin d\u2019arriver dans les plus brefs d\u00e9lais \u00e0 un compromis. \u00abUn premier projet de feuille de route a \u00e9t\u00e9 pr\u00e9sent\u00e9.<\/p>\n<p>Il n\u2019a pas eu l\u2019adh\u00e9sion de tous les participants, des divergences sont soulev\u00e9es autour des points importants, \u00e0 savoir la question des valeurs et principes qui doivent \u00eatre introduits dans le pr\u00e9ambule, la question des pr\u00e9alables \u00e0 tout dialogue avec le syst\u00e8me et la question des \u00e9lections\u00bb, a indiqu\u00e9 Sa\u00efd Salhi, vice-pr\u00e9sident de la Ligue alg\u00e9rienne de d\u00e9fense des droits de l\u2019homme (lire l\u2019entretien ci-dessous).<\/p>\n<p>A vrai dire, il \u00e9tait clair que la mission de faire converger les points de vue d\u2019entit\u00e9s venues de diff\u00e9rents bords politiques et id\u00e9ologiques allait \u00eatre extr\u00eamement difficile. Parmi les points suscitant le plus de divergences, il y a la question relative au choix entre accorder la priorit\u00e9 \u00e0 la pr\u00e9sidentielle ou \u00e0 la \u00abConstituante\u00bb.<\/p>\n<p>Si certains veulent aller vers une \u00e9lection pr\u00e9sidentielle afin de retrouver la l\u00e9galit\u00e9 constitutionnelle, apr\u00e8s bien \u00e9videmment avoir arrach\u00e9 les garanties n\u00e9cessaires pour sa bonne tenue, avant d\u2019entamer les autres r\u00e9formes de l\u2019Etat, d\u2019autres pr\u00e9f\u00e8rent s\u2019engager dans la voie de l\u2019Assembl\u00e9e constituante et ce sera \u00e0 cette derni\u00e8re qu\u2019\u00e9choira le r\u00f4le de mener ces r\u00e9formes. Il y a aussi la probl\u00e9matique des conditions \u00e0 poser comme pr\u00e9alable pour s\u2019engager dans le dialogue.<\/p>\n<p>Des d\u00e9tails sur lesquels divergent des repr\u00e9sentants de la soci\u00e9t\u00e9 civile. Mais, les participants \u00e0 cette rencontre sont apparemment conscients que chacun doit faire des concessions, comme nous l\u2019a indiqu\u00e9 l\u2019un des participants, pour arriver \u00e0 \u00e9tablir une feuille de route consensuelle. \u00abDes propositions ont \u00e9t\u00e9 faites. Il faudra se donner le temps pour maturer tout cela et laisser prendre\u00bb, a estim\u00e9 Salhi.<\/p>\n<p>En tout cas, les Dynamiques de la soci\u00e9t\u00e9 civile devraient se r\u00e9unir, une nouvelle fois, dans les jours \u00e0 venir. L\u2019initiative, apr\u00e8s sa concr\u00e9tisation, va \u00eatre propos\u00e9e \u00e0 d\u2019autres parties, y compris en direction de la classe politique, afin qu\u2019elle puisse avoir un plus large consensus.<\/p>\n<p>Face au \u00abblocage\u00bb que conna\u00eet la sc\u00e8ne politique nationale en ce moment, avec l\u2019ent\u00eatement du pouvoir en place \u00e0 organiser une \u00e9lection pr\u00e9sidentielle, dans les plus brefs d\u00e9lais, et avec des \u00absymboles de l\u2019ancien syst\u00e8me\u00bb, il serait int\u00e9ressant qu\u2019une feuille de route puisse avoir l\u2019assentiment du plus grand nombre d\u2019acteurs de la sc\u00e8ne politique nationale et de la soci\u00e9t\u00e9 civile. Le pari est difficile mais les membres de ces organisations de la soci\u00e9t\u00e9 civile sont pr\u00eats \u00e0 relever le d\u00e9fi.<\/p>\n<p><span class=\"post-views-label\">Post Views:<\/span> <span class=\"post-views-count\">156<\/span><\/p>\n<p>Auteur: Hicham Chouadria<br \/>\n<a href=\"https:\/\/www.elwatan.com\/edition\/actualite\/conference-nationale-de-la-societe-civile-entre-la-presidentielle-et-la-constituante-10-06-2019\">Cliquez ici pour lire l&rsquo;article depuis sa source.<\/a><\/p>\n","protected":false},"excerpt":{"rendered":"<p>(Photo : Ly\u00e8s H) Les Dynamiques de la soci\u00e9t\u00e9 civile ont tenu, avant-hier, au si\u00e8ge du Cnapest \u00e0 Alger, leur quatri\u00e8me round de concertation dans le cadre de la pr\u00e9paration de la Conf\u00e9rence nationale de la soci\u00e9t\u00e9 civile, qui doit se tenir le 15 du mois en cours. Un rendez-vous durant lequel devra \u00eatre pr\u00e9sent\u00e9e [&hellip;]<\/p>\n","protected":false},"author":1743,"featured_media":39838,"comment_status":"closed","ping_status":"closed","sticky":false,"template":"","format":"standard","meta":{"fifu_image_url":"","fifu_image_alt":"","footnotes":""},"categories":[73,53],"tags":[],"class_list":["post-39837","post","type-post","status-publish","format-standard","has-post-thumbnail","hentry","category-actualite","category-algerie"],"_links":{"self":[{"href":"https:\/\/linitiative.ca\/International\/wp-json\/wp\/v2\/posts\/39837","targetHints":{"allow":["GET"]}}],"collection":[{"href":"https:\/\/linitiative.ca\/International\/wp-json\/wp\/v2\/posts"}],"about":[{"href":"https:\/\/linitiative.ca\/International\/wp-json\/wp\/v2\/types\/post"}],"author":[{"embeddable":true,"href":"https:\/\/linitiative.ca\/International\/wp-json\/wp\/v2\/users\/1743"}],"replies":[{"embeddable":true,"href":"https:\/\/linitiative.ca\/International\/wp-json\/wp\/v2\/comments?post=39837"}],"version-history":[{"count":0,"href":"https:\/\/linitiative.ca\/International\/wp-json\/wp\/v2\/posts\/39837\/revisions"}],"wp:featuredmedia":[{"embeddable":true,"href":"https:\/\/linitiative.ca\/International\/wp-json\/"}],"wp:attachment":[{"href":"https:\/\/linitiative.ca\/International\/wp-json\/wp\/v2\/media?parent=39837"}],"wp:term":[{"taxonomy":"category","embeddable":true,"href":"https:\/\/linitiative.ca\/International\/wp-json\/wp\/v2\/categories?post=39837"},{"taxonomy":"post_tag","embeddable":true,"href":"https:\/\/linitiative.ca\/International\/wp-json\/wp\/v2\/tags?post=39837"}],"curies":[{"name":"wp","href":"https:\/\/api.w.org\/{rel}","templated":true}]}}