{"id":39839,"date":"2019-06-10T05:49:42","date_gmt":"2019-06-10T09:49:42","guid":{"rendered":"https:\/\/linitiative.ca\/International\/bourse-les-opcvm-a-la-vente-au-premier-trimestre\/"},"modified":"2019-06-10T05:49:42","modified_gmt":"2019-06-10T09:49:42","slug":"bourse-les-opcvm-a-la-vente-au-premier-trimestre","status":"publish","type":"post","link":"https:\/\/linitiative.ca\/International\/bourse-les-opcvm-a-la-vente-au-premier-trimestre\/","title":{"rendered":"Bourse: les OPCVM \u00e0 la vente au premier trimestre"},"content":{"rendered":"<p class=\"c5\"><span class=\"c4\"><strong><span class=\"c3\"><span class=\"c2\">S<\/span>ur les trois premiers mois de l\u2019ann\u00e9e en cours, les organismes de placements collectifs en valeurs mobili\u00e8res\u00a0(OPCVM) sont \u00e0 l\u2019origine de plus de 40% du volume \u00e9chang\u00e9 sur le march\u00e9 central. Aussi, les OPCVM ont \u00e9t\u00e9 dominants dans le rythme des ventes contrairement aux institutionnels qui ont pris position dans les achats.<\/span><\/strong><\/span><\/p>\n<p class=\"c5\"><span class=\"c6\">En effet, l\u2019autorit\u00e9 marocaine du march\u00e9 des capitaux (AMMC) a publi\u00e9 les statistiques par investisseur des \u00e9changes en Bourse au premier trimestre 2019. Ces statistiques montrent que les \u00e9changes, en termes de volume, ont \u00e9t\u00e9 domin\u00e9s par les OPCVM \u00e0 hauteur de 42%, devant les institutionnels qui ont accapar\u00e9 une part de 28%, les \u00e9trangers avec une part de 18% et les petits porteurs pour une portion de 8%.<\/span><\/p>\n<p class=\"c5\"><span class=\"c6\">Dans le d\u00e9tail, les OPCVM se sont distingu\u00e9s par une position nette vendeuse de 731 millions de DH, qui explique ainsi m\u00e9caniquement la baisse du MASI durant ce trimestre.\u00a0D\u2019ailleurs, sur les trois premiers mois de l\u2019ann\u00e9e en cours, le march\u00e9 d\u2019actions a affich\u00e9 une baisse de 4% alors que le volume du march\u00e9 central a recul\u00e9 de 44% \u00e0 5,1 milliards de DH. Dans une moindre mesure, les \u00e9trangers ont aussi affich\u00e9 une position nette vendeuse de 220 millions de DH. A l\u2019inverse, les institutionnels ont limit\u00e9 la casse avec des achats nets de 1,12 milliards de DH, devant les petits porteurs avec 54 millions DH.<\/span><\/p>\n<p class=\"c5\"><strong><span class=\"c6\">OPCI: les autorit\u00e9s donneront le d\u00e9part ce 11 Juin<\/span><\/strong><\/p>\n<p class=\"c5\"><span class=\"c6\">Enfin, nous voulons signaler que le Minist\u00e8re de l\u2019Economie et des finances et l\u2019Autorit\u00e9s Marocaines du March\u00e9 des Capitaux (AMMC) organiseront le Mardi 11 Juin 2019 une conf\u00e9rence de lancement des Organismes de Placement Collectif Immobilier (OPCI) et ce, suite \u00e0 l\u2019entr\u00e9e en vigueur du cadre juridique r\u00e9gissant les OPCI et la promulgation de la r\u00e9glementation n\u00e9cessaire au d\u00e9marrage effectif de cette activit\u00e9.<\/span><\/p>\n<p class=\"c7\"><strong><span class=\"c6\">Kaoutar Khennach<\/span><\/strong><\/p>\n<p>Auteur: rahal mehamed<br \/>\n<a href=\"http:\/\/albayane.press.ma\/bourse-les-opcvm-a-la-vente-au-premier-trimestre.html\">Cliquez ici pour lire l&rsquo;article depuis sa source.<\/a><\/p>\n","protected":false},"excerpt":{"rendered":"<p>Sur les trois premiers mois de l\u2019ann\u00e9e en cours, les organismes de placements collectifs en valeurs mobili\u00e8res\u00a0(OPCVM) sont \u00e0 l\u2019origine de plus de 40% du volume \u00e9chang\u00e9 sur le march\u00e9 central. Aussi, les OPCVM ont \u00e9t\u00e9 dominants dans le rythme des ventes contrairement aux institutionnels qui ont pris position dans les achats. En effet, l\u2019autorit\u00e9 [&hellip;]<\/p>\n","protected":false},"author":1760,"featured_media":0,"comment_status":"closed","ping_status":"closed","sticky":false,"template":"","format":"standard","meta":{"fifu_image_url":"","fifu_image_alt":"","footnotes":""},"categories":[73,54],"tags":[],"class_list":["post-39839","post","type-post","status-publish","format-standard","hentry","category-actualite","category-maroc"],"_links":{"self":[{"href":"https:\/\/linitiative.ca\/International\/wp-json\/wp\/v2\/posts\/39839","targetHints":{"allow":["GET"]}}],"collection":[{"href":"https:\/\/linitiative.ca\/International\/wp-json\/wp\/v2\/posts"}],"about":[{"href":"https:\/\/linitiative.ca\/International\/wp-json\/wp\/v2\/types\/post"}],"author":[{"embeddable":true,"href":"https:\/\/linitiative.ca\/International\/wp-json\/wp\/v2\/users\/1760"}],"replies":[{"embeddable":true,"href":"https:\/\/linitiative.ca\/International\/wp-json\/wp\/v2\/comments?post=39839"}],"version-history":[{"count":0,"href":"https:\/\/linitiative.ca\/International\/wp-json\/wp\/v2\/posts\/39839\/revisions"}],"wp:attachment":[{"href":"https:\/\/linitiative.ca\/International\/wp-json\/wp\/v2\/media?parent=39839"}],"wp:term":[{"taxonomy":"category","embeddable":true,"href":"https:\/\/linitiative.ca\/International\/wp-json\/wp\/v2\/categories?post=39839"},{"taxonomy":"post_tag","embeddable":true,"href":"https:\/\/linitiative.ca\/International\/wp-json\/wp\/v2\/tags?post=39839"}],"curies":[{"name":"wp","href":"https:\/\/api.w.org\/{rel}","templated":true}]}}