{"id":39840,"date":"2019-06-10T05:30:26","date_gmt":"2019-06-10T09:30:26","guid":{"rendered":"https:\/\/linitiative.ca\/International\/avec-une-soixantaine-de-cadres-impliques-ouyahia-sellal-zoukh-et-tahkout-devant-le-juge\/"},"modified":"2019-06-10T05:30:26","modified_gmt":"2019-06-10T09:30:26","slug":"avec-une-soixantaine-de-cadres-impliques-ouyahia-sellal-zoukh-et-tahkout-devant-le-juge","status":"publish","type":"post","link":"https:\/\/linitiative.ca\/International\/avec-une-soixantaine-de-cadres-impliques-ouyahia-sellal-zoukh-et-tahkout-devant-le-juge\/","title":{"rendered":"Avec une soixantaine de cadres impliqu\u00e9s : Ouyahia, Sellal, Zoukh et Tahkout devant le juge"},"content":{"rendered":"<h4 class=\"title-14\"\/>\n<div class=\"featured_image\"><img width=\"745\" height=\"255\" data-cfsrc=\"https:\/\/www.elwatan.com\/wp-content\/uploads\/2019\/06\/Sans-titre-1-24.jpg\" class=\"attachment-post-thumbnail size-post-thumbnail wp-post-image c1\" alt=\"Avec une soixantaine de cadres impliqu\u00e9s : Ouyahia, Sellal, Zoukh et Tahkout devant le juge\" srcset=\"https:\/\/www.elwatan.com\/wp-content\/uploads\/2019\/06\/Sans-titre-1-24.jpg 745w, https:\/\/www.elwatan.com\/wp-content\/uploads\/2019\/06\/Sans-titre-1-24-300x103.jpg 300w\" sizes=\"(max-width: 745px) 100vw, 745px\"\/><noscript><\/p>\n<p><img loading=\"lazy\" decoding=\"async\" width=\"745\" height=\"255\" src=\"https:\/\/www.elwatan.com\/wp-content\/uploads\/2019\/06\/Sans-titre-1-24.jpg\" class=\"attachment-post-thumbnail size-post-thumbnail wp-post-image\" alt=\"Avec une soixantaine de cadres impliqu\u00e9s : Ouyahia, Sellal, Zoukh et Tahkout devant le juge\" srcset=\"https:\/\/www.elwatan.com\/wp-content\/uploads\/2019\/06\/Sans-titre-1-24.jpg 745w, https:\/\/www.elwatan.com\/wp-content\/uploads\/2019\/06\/Sans-titre-1-24-300x103.jpg 300w\" sizes=\"auto, (max-width: 745px) 100vw, 745px\"\/><\/p>\n<p><\/noscript><\/div>\n<p>Le tribunal de Sidi M\u2019hamed pr\u00e8s la cour d\u2019Alger a convoqu\u00e9 hier, et ce, pour la seconde fois, les deux anciens Premiers ministres, Abdelmalek Sellal et Ahmed Ouyahia, l\u2019ex-wali d\u2019Alger, Abdelkader Zoukh, mais \u00e9galement le d\u00e9put\u00e9 FLN et ancien ministre des Transports, Boudjemaa Talai, pour \u00eatre entendus, en tant que t\u00e9moins, d\u00e8s 15h, dans l\u2019enqu\u00eate judiciaire sur les affaires du patron du groupe Cima Motors, Mahieddine Tahkout, dans le cadre des contrats pour le transport des \u00e9tudiants avec l\u2019Office national des \u0153uvres universitaires (Onou) et avec l\u2019Entreprise de transport urbain et suburbain d\u2019Alger (Etusa).<\/p>\n<p>C\u2019est la seconde fois en moins d\u2019un mois que les m\u00eames responsables sont entendus en tant que t\u00e9moins par les magistrats de la m\u00eame juridiction. La premi\u00e8re fois, c\u2019\u00e9tait dans le cadre de l\u2019information judiciaire ouverte sur les march\u00e9s publics obtenus par le patron du groupe ETRHB, Ali Haddad, dans les secteurs des travaux publics, de l\u2019hydraulique, de l\u2019agriculture, de la jeunesse et des sports, et qui s\u2019est sold\u00e9e par l\u2019inculpation de Ali Haddad, ses deux fr\u00e8res et une quinzaine de cadres.<\/p>\n<p>Hier, le tribunal a ouvert un autre chantier. Il s\u2019agit de plusieurs dossiers li\u00e9s \u00e0 l\u2019homme d\u2019affaires Mahieddine Tahkout et qui concernent les avantages que lui a octroy\u00e9s l\u2019Agence nationale de d\u00e9veloppement et d\u2019investissement (Andi) pour lancer ses investissements dans le domaine de l\u2019industrie du montage automobile (SKD-CKD), les contrats qu\u2019il a sign\u00e9s avec l\u2019Etusa et l\u2019Onou, mais \u00e9galement d\u2019autres li\u00e9s \u00e0 des projets.<\/p>\n<p>En plus de l\u2019homme d\u2019affaires, le tribunal a convoqu\u00e9 \u00e9galement les deux fr\u00e8res de ce dernier, ainsi que son fils Billel et onze de ses cadres dirigeants. Du c\u00f4t\u00e9 des entreprises publiques, ils sont pr\u00e8s d\u2019une cinquantaine de cadres \u00e0 avoir \u00e9t\u00e9 sur la liste des personnes \u00e0 auditionner, parmi lesquelles de nombreux responsables locaux et centraux de l\u2019Onou, de l\u2019Etusa ainsi que ceux de l\u2019ANDI et du d\u00e9partement de l\u2019industrie.<\/p>\n<p>Le nombre important des concern\u00e9s a pouss\u00e9 le parquet \u00e0 mettre \u00e0 la disposition de ces derniers une salle d\u2019audience pour attendre leur tour. A l\u2019exception des deux ex-Premiers ministres, Abdelmalek Sellal et Ahmed Ouyahia, ainsi que l\u2019ancien ministre des Transports Boudjam\u00e2a Tala\u00ef, et l\u2019ex-wali d\u2019Alger, Abdelkader Zoukh (qui sont d\u00e9j\u00e0 d\u00e9f\u00e9r\u00e9s devant la Cour supr\u00eame dans le cadre de l\u2019affaire Ali Haddad), qui ont quitt\u00e9 rapidement le tribunal, la majorit\u00e9 des personnes convoqu\u00e9es sont rest\u00e9es \u00e0 l\u2019int\u00e9rieur et aucune nouvelle sur les d\u00e9cisions du juge n\u2019\u00e9tait connue.<\/p>\n<p>M\u00eame si ses avocats \u00e9taient confiants d\u00e8s le d\u00e9but de l\u2019enqu\u00eate pr\u00e9liminaire men\u00e9e par la gendarmerie, beaucoup d\u2019indices laissaient croire que le patron du groupe Cima Motors n\u2019allait pas sortir indemne de cette pr\u00e9sentation, d\u2019autant qu\u2019il \u00e9tait, lui, son fils et ses deux fr\u00e8res, sous le coup d\u2019une interdiction de sortie du territoire national (ISTN) depuis le 31 mars dernier, apr\u00e8s l\u2019arrestation de Ali Haddad \u00e0 la fronti\u00e8re alg\u00e9ro-tunisienne au poste d\u2019Oum Tboul, \u00e0 El Kala, durant la nuit du 30 au 31 mars.<\/p>\n<p>Les enqu\u00eates pr\u00e9liminaires sur les hommes d\u2019affaires li\u00e9s de pr\u00e8s ou de loin au premier cercle du Pr\u00e9sident d\u00e9chu se poursuivent donc, alors que de nombreuses personnalit\u00e9s politiques, dont les deux anciens chefs de l\u2019Ex\u00e9cutif, Abdelmalek Sellal et Ahmed Ouyahia, 12 ex-ministres et 2 walis, d\u2019Alger et d\u2019El Bayadh, ont \u00e9t\u00e9 d\u00e9f\u00e9r\u00e9s devant la Cour supr\u00eame (ils b\u00e9n\u00e9ficient tous du principe de privil\u00e8ge de juridiction en raison de la fonction qu\u2019ils occupaient lors des faits) pour des suppos\u00e9s faits de \u00abviolation de la r\u00e9glementation des march\u00e9s publics\u00bb et \u00abtrafic d\u2019influence\u00bb.<\/p>\n<p>Tout porte \u00e0 croire que ces affaires ne sont que les premi\u00e8res d\u2019une longue liste qui risque encore d\u2019\u00e9clabousser d\u2019autres personnalit\u00e9s de l\u2019Etat.<\/p>\n<p><span class=\"post-views-label\">Post Views:<\/span> <span class=\"post-views-count\">1\u00a0650<\/span><\/p>\n<p>Auteur: Hicham Chouadria<br \/>\n<a href=\"https:\/\/www.elwatan.com\/a-la-une\/avec-une-soixantaine-de-cadres-impliques-ouyahia-sellal-zoukh-et-tahkout-devant-le-juge-10-06-2019\">Cliquez ici pour lire l&rsquo;article depuis sa source.<\/a><\/p>\n","protected":false},"excerpt":{"rendered":"<p>Le tribunal de Sidi M\u2019hamed pr\u00e8s la cour d\u2019Alger a convoqu\u00e9 hier, et ce, pour la seconde fois, les deux anciens Premiers ministres, Abdelmalek Sellal et Ahmed Ouyahia, l\u2019ex-wali d\u2019Alger, Abdelkader Zoukh, mais \u00e9galement le d\u00e9put\u00e9 FLN et ancien ministre des Transports, Boudjemaa Talai, pour \u00eatre entendus, en tant que t\u00e9moins, d\u00e8s 15h, dans l\u2019enqu\u00eate [&hellip;]<\/p>\n","protected":false},"author":1743,"featured_media":39841,"comment_status":"closed","ping_status":"closed","sticky":false,"template":"","format":"standard","meta":{"fifu_image_url":"","fifu_image_alt":"","footnotes":""},"categories":[73,53],"tags":[],"class_list":["post-39840","post","type-post","status-publish","format-standard","has-post-thumbnail","hentry","category-actualite","category-algerie"],"_links":{"self":[{"href":"https:\/\/linitiative.ca\/International\/wp-json\/wp\/v2\/posts\/39840","targetHints":{"allow":["GET"]}}],"collection":[{"href":"https:\/\/linitiative.ca\/International\/wp-json\/wp\/v2\/posts"}],"about":[{"href":"https:\/\/linitiative.ca\/International\/wp-json\/wp\/v2\/types\/post"}],"author":[{"embeddable":true,"href":"https:\/\/linitiative.ca\/International\/wp-json\/wp\/v2\/users\/1743"}],"replies":[{"embeddable":true,"href":"https:\/\/linitiative.ca\/International\/wp-json\/wp\/v2\/comments?post=39840"}],"version-history":[{"count":0,"href":"https:\/\/linitiative.ca\/International\/wp-json\/wp\/v2\/posts\/39840\/revisions"}],"wp:featuredmedia":[{"embeddable":true,"href":"https:\/\/linitiative.ca\/International\/wp-json\/"}],"wp:attachment":[{"href":"https:\/\/linitiative.ca\/International\/wp-json\/wp\/v2\/media?parent=39840"}],"wp:term":[{"taxonomy":"category","embeddable":true,"href":"https:\/\/linitiative.ca\/International\/wp-json\/wp\/v2\/categories?post=39840"},{"taxonomy":"post_tag","embeddable":true,"href":"https:\/\/linitiative.ca\/International\/wp-json\/wp\/v2\/tags?post=39840"}],"curies":[{"name":"wp","href":"https:\/\/api.w.org\/{rel}","templated":true}]}}