{"id":39843,"date":"2019-06-10T07:27:27","date_gmt":"2019-06-10T11:27:27","guid":{"rendered":"https:\/\/linitiative.ca\/International\/mahieddine-tahkout-ses-deux-freres-et-son-fils-places-en-detention\/"},"modified":"2019-06-10T07:27:27","modified_gmt":"2019-06-10T11:27:27","slug":"mahieddine-tahkout-ses-deux-freres-et-son-fils-places-en-detention","status":"publish","type":"post","link":"https:\/\/linitiative.ca\/International\/mahieddine-tahkout-ses-deux-freres-et-son-fils-places-en-detention\/","title":{"rendered":"Mahieddine Tahkout, ses deux fr\u00e8res et son fils plac\u00e9s en d\u00e9tention"},"content":{"rendered":"<h4 class=\"title-14\"\/>\n<div class=\"featured_image\"><img width=\"901\" height=\"500\" data-cfsrc=\"https:\/\/www.elwatan.com\/wp-content\/uploads\/2019\/06\/tahkout-col.jpg\" class=\"attachment-post-thumbnail size-post-thumbnail wp-post-image c1\" alt=\"Tahkout et plus d'une trentaine de personnes entendus sur les contrats avec l'Etusa et l'Onou et les avantages accord\u00e9s par l'Andi\" srcset=\"https:\/\/www.elwatan.com\/wp-content\/uploads\/2019\/06\/tahkout-col.jpg 901w, https:\/\/www.elwatan.com\/wp-content\/uploads\/2019\/06\/tahkout-col-300x166.jpg 300w, https:\/\/www.elwatan.com\/wp-content\/uploads\/2019\/06\/tahkout-col-768x426.jpg 768w\" sizes=\"(max-width: 901px) 100vw, 901px\"\/><noscript><\/p>\n<p><img loading=\"lazy\" decoding=\"async\" width=\"901\" height=\"500\" src=\"https:\/\/www.elwatan.com\/wp-content\/uploads\/2019\/06\/tahkout-col.jpg\" class=\"attachment-post-thumbnail size-post-thumbnail wp-post-image\" alt=\"Tahkout et plus d'une trentaine de personnes entendus sur les contrats avec l'Etusa et l'Onou et les avantages accord\u00e9s par l'Andi\" srcset=\"https:\/\/www.elwatan.com\/wp-content\/uploads\/2019\/06\/tahkout-col.jpg 901w, https:\/\/www.elwatan.com\/wp-content\/uploads\/2019\/06\/tahkout-col-300x166.jpg 300w, https:\/\/www.elwatan.com\/wp-content\/uploads\/2019\/06\/tahkout-col-768x426.jpg 768w\" sizes=\"auto, (max-width: 901px) 100vw, 901px\"\/><\/p>\n<p><\/noscript> <span class=\"featured-image-caption\">L&rsquo;homme d&rsquo;affaires Mahieddine Tahkout<\/span><\/div>\n<p>Les premi\u00e8res d\u00e9cisions du juge d\u2019instruction pr\u00e9s le tribunal de Sidi M\u2019hamed charg\u00e9 de l\u2019affaire Mahieddine Tahkout sont tomb\u00e9e t\u00f4t dans la matin\u00e9e d\u2019aujourd\u2019hui. Ainsi, le patron du groupe Cima Motors, son fils Billel, et ses deux fr\u00e8res ont \u00e9t\u00e9 plac\u00e9s sous mandat de d\u00e9p\u00f4t et transf\u00e9r\u00e9s \u00e0 la prison d\u2019El Harrach.<\/p>\n<p>Le juge a \u00e9galement plac\u00e9 en d\u00e9tention le directeur du transport pour la wilaya d\u2019Alger. Les auditions se poursuivent avec plus de <a href=\"https:\/\/www.elwatan.com\/a-la-une\/avec-une-soixantaine-de-cadres-impliques-ouyahia-sellal-zoukh-et-tahkout-devant-le-juge-10-06-2019\">147 personnes<\/a>, majoritaires des cadres dirigeants de l\u2019Onou, l\u2019Etusa, l\u2019Andi, parmi lesquels pr\u00e9s de 80 sont entendus comme t\u00e9moins.<\/p>\n<p><span class=\"post-views-label\">Post Views:<\/span> <span class=\"post-views-count\">302<\/span><\/p>\n<p>Auteur: Mohand Yahiaoui<br \/>\n<a href=\"https:\/\/www.elwatan.com\/edition\/actualite\/mahieddine-tahkout-ses-deux-freres-et-son-fils-places-en-detention-10-06-2019\">Cliquez ici pour lire l&rsquo;article depuis sa source.<\/a><\/p>\n","protected":false},"excerpt":{"rendered":"<p>L&rsquo;homme d&rsquo;affaires Mahieddine Tahkout Les premi\u00e8res d\u00e9cisions du juge d\u2019instruction pr\u00e9s le tribunal de Sidi M\u2019hamed charg\u00e9 de l\u2019affaire Mahieddine Tahkout sont tomb\u00e9e t\u00f4t dans la matin\u00e9e d\u2019aujourd\u2019hui. Ainsi, le patron du groupe Cima Motors, son fils Billel, et ses deux fr\u00e8res ont \u00e9t\u00e9 plac\u00e9s sous mandat de d\u00e9p\u00f4t et transf\u00e9r\u00e9s \u00e0 la prison d\u2019El [&hellip;]<\/p>\n","protected":false},"author":1743,"featured_media":39844,"comment_status":"closed","ping_status":"closed","sticky":false,"template":"","format":"standard","meta":{"fifu_image_url":"","fifu_image_alt":"","footnotes":""},"categories":[73,53],"tags":[],"class_list":["post-39843","post","type-post","status-publish","format-standard","has-post-thumbnail","hentry","category-actualite","category-algerie"],"_links":{"self":[{"href":"https:\/\/linitiative.ca\/International\/wp-json\/wp\/v2\/posts\/39843","targetHints":{"allow":["GET"]}}],"collection":[{"href":"https:\/\/linitiative.ca\/International\/wp-json\/wp\/v2\/posts"}],"about":[{"href":"https:\/\/linitiative.ca\/International\/wp-json\/wp\/v2\/types\/post"}],"author":[{"embeddable":true,"href":"https:\/\/linitiative.ca\/International\/wp-json\/wp\/v2\/users\/1743"}],"replies":[{"embeddable":true,"href":"https:\/\/linitiative.ca\/International\/wp-json\/wp\/v2\/comments?post=39843"}],"version-history":[{"count":0,"href":"https:\/\/linitiative.ca\/International\/wp-json\/wp\/v2\/posts\/39843\/revisions"}],"wp:featuredmedia":[{"embeddable":true,"href":"https:\/\/linitiative.ca\/International\/wp-json\/"}],"wp:attachment":[{"href":"https:\/\/linitiative.ca\/International\/wp-json\/wp\/v2\/media?parent=39843"}],"wp:term":[{"taxonomy":"category","embeddable":true,"href":"https:\/\/linitiative.ca\/International\/wp-json\/wp\/v2\/categories?post=39843"},{"taxonomy":"post_tag","embeddable":true,"href":"https:\/\/linitiative.ca\/International\/wp-json\/wp\/v2\/tags?post=39843"}],"curies":[{"name":"wp","href":"https:\/\/api.w.org\/{rel}","templated":true}]}}