{"id":39848,"date":"2019-06-10T06:08:12","date_gmt":"2019-06-10T10:08:12","guid":{"rendered":"https:\/\/linitiative.ca\/International\/officialisation-de-lamazigh-aujourdhui-une-session-pleniere-historique\/"},"modified":"2019-06-10T06:08:12","modified_gmt":"2019-06-10T10:08:12","slug":"officialisation-de-lamazigh-aujourdhui-une-session-pleniere-historique","status":"publish","type":"post","link":"https:\/\/linitiative.ca\/International\/officialisation-de-lamazigh-aujourdhui-une-session-pleniere-historique\/","title":{"rendered":"Officialisation de l\u2019Amazigh: aujourd\u2019hui, une  session pl\u00e9ni\u00e8re historique"},"content":{"rendered":"<p class=\"c3\"><em><span class=\"c2\">L<\/span>a bonne nouvelle est tomb\u00e9e enfin.\u00a0 Apr\u00e8s\u00a0 cinq\u00a0 ans\u00a0 de retard gouvernemental et un blocage de plus de deux ans au Parlement, la commission de la culture et de la communication \u00e0 la Chambre des repr\u00e9sentants aurait trouv\u00e9 finalement un accord autour des deux projets de loi organiques n\u00b026.16 d\u00e9finissant le processus de mise en \u0153uvre du caract\u00e8re officiel de l\u2019amazighe, ainsi que les modalit\u00e9s de son int\u00e9gration dans l\u2019enseignement et dans les domaines prioritaires de la vie publique et celui n\u00b004.16 relatif \u00e0 la cr\u00e9ation du conseil national des langues et de la culture marocaine.<\/em><\/p>\n<p class=\"c3\">En outre, la dite Commission a adopt\u00e9, lundi 3 juin, la graphie tifinagh dans l\u2019\u00e9criture de la langue amazighe dans toutes les transactions administratives et financi\u00e8res.\u00a0 Elle a en effet\u00a0 approuv\u00e9\u00a0 les amendements apport\u00e9s par les groupes de la majorit\u00e9\u00a0 au projet de loi organique n\u00b026.16.<\/p>\n<p class=\"c3\">Par ailleurs, plusieurs modifications introduites dans diff\u00e9rents articles concernant essentiellement l\u2019enseignement de la langue amazighe ont \u00e9t\u00e9 adopt\u00e9es par la commission et rendant d\u00e9sormais\u00a0 l\u2019enseignement de cette langue obligatoire et g\u00e9n\u00e9ralis\u00e9 d\u2019une mani\u00e8re progressive sur tout le territoire national et s\u2019\u00e9tendant \u00e0 tous les diff\u00e9rents cycles.<\/p>\n<p class=\"c3\">Et maintenant que le point de divergence du choix de la graphie\u00a0 a \u00e9t\u00e9 surmont\u00e9 et tranch\u00e9,\u00a0 une session pl\u00e9ni\u00e8re aura lieu ce lundi 10 juin \u00e0 la Chambre des repr\u00e9sentants pour adopter d\u00e9finitivement les deux projets de loi organiques n\u00b026.16\u00a0 et celui n\u00b004.16 relatif \u00e0 la cr\u00e9ation du Conseil national des langues et de la culture marocaine. Tous les regards seront fix\u00e9s sur cette session qui sera historique.<\/p>\n<p class=\"c4\"><strong>M.N.Y<\/strong><\/p>\n<p>Auteur: rahal mehamed<br \/>\n<a href=\"http:\/\/albayane.press.ma\/officialisation-de-lamazigh-aujourdhui-une-session-pleniere-historique.html\">Cliquez ici pour lire l&rsquo;article depuis sa source.<\/a><\/p>\n","protected":false},"excerpt":{"rendered":"<p>La bonne nouvelle est tomb\u00e9e enfin.\u00a0 Apr\u00e8s\u00a0 cinq\u00a0 ans\u00a0 de retard gouvernemental et un blocage de plus de deux ans au Parlement, la commission de la culture et de la communication \u00e0 la Chambre des repr\u00e9sentants aurait trouv\u00e9 finalement un accord autour des deux projets de loi organiques n\u00b026.16 d\u00e9finissant le processus de mise en [&hellip;]<\/p>\n","protected":false},"author":1760,"featured_media":0,"comment_status":"closed","ping_status":"closed","sticky":false,"template":"","format":"standard","meta":{"fifu_image_url":"","fifu_image_alt":"","footnotes":""},"categories":[73,54],"tags":[],"class_list":["post-39848","post","type-post","status-publish","format-standard","hentry","category-actualite","category-maroc"],"_links":{"self":[{"href":"https:\/\/linitiative.ca\/International\/wp-json\/wp\/v2\/posts\/39848","targetHints":{"allow":["GET"]}}],"collection":[{"href":"https:\/\/linitiative.ca\/International\/wp-json\/wp\/v2\/posts"}],"about":[{"href":"https:\/\/linitiative.ca\/International\/wp-json\/wp\/v2\/types\/post"}],"author":[{"embeddable":true,"href":"https:\/\/linitiative.ca\/International\/wp-json\/wp\/v2\/users\/1760"}],"replies":[{"embeddable":true,"href":"https:\/\/linitiative.ca\/International\/wp-json\/wp\/v2\/comments?post=39848"}],"version-history":[{"count":0,"href":"https:\/\/linitiative.ca\/International\/wp-json\/wp\/v2\/posts\/39848\/revisions"}],"wp:attachment":[{"href":"https:\/\/linitiative.ca\/International\/wp-json\/wp\/v2\/media?parent=39848"}],"wp:term":[{"taxonomy":"category","embeddable":true,"href":"https:\/\/linitiative.ca\/International\/wp-json\/wp\/v2\/categories?post=39848"},{"taxonomy":"post_tag","embeddable":true,"href":"https:\/\/linitiative.ca\/International\/wp-json\/wp\/v2\/tags?post=39848"}],"curies":[{"name":"wp","href":"https:\/\/api.w.org\/{rel}","templated":true}]}}