{"id":39850,"date":"2019-06-10T06:20:21","date_gmt":"2019-06-10T10:20:21","guid":{"rendered":"https:\/\/linitiative.ca\/International\/communique-du-bureau-politique-sur-la-situation-au-soudan\/"},"modified":"2019-06-10T06:20:21","modified_gmt":"2019-06-10T10:20:21","slug":"communique-du-bureau-politique-sur-la-situation-au-soudan","status":"publish","type":"post","link":"https:\/\/linitiative.ca\/International\/communique-du-bureau-politique-sur-la-situation-au-soudan\/","title":{"rendered":"Communiqu\u00e9 du Bureau Politique sur la situation au Soudan"},"content":{"rendered":"<p class=\"c3\"><span class=\"c2\"><strong>Le PPS condamne vigoureusement l\u2019intervention r\u00e9pressive sanglante<\/strong><\/span><\/p>\n<p class=\"c5\"><span class=\"c4\"><strong>\u00ab<span class=\"c2\">L<\/span>e Bureau politique du Parti du progr\u00e8s et du socialisme suit avec une grande inqui\u00e9tude les d\u00e9veloppements regrettables que le Soudan connait, en particulier les \u00e9v\u00e9nements sanglants du lundi 3 juin 2019.<\/strong><\/span><\/p>\n<p class=\"c5\"><span class=\"c6\"><strong>Ces derniers ont \u00e9t\u00e9 marqu\u00e9s par l\u2019intervention des forces arm\u00e9es qui ont ouvert le feu et maltrait\u00e9 les manifestants pour disperser le sit-in pacifique des masses du peuple soudanais, qui r\u00e9clament la fin du r\u00e9gime de la dictature militaire et du pouvoir r\u00e9actionnaire et l\u2019\u00e9tablissement d\u2019un pouvoir civil.<\/strong><\/span><\/p>\n<p class=\"c5\"><span class=\"c6\"><strong>Cette intervention a fait des morts et des bless\u00e9s parmi les manifestants d\u00e9sarm\u00e9s aspirant \u00e0 un Soudan libre et d\u00e9mocratique.<\/strong><\/span><\/p>\n<p class=\"c5\"><span class=\"c6\"><strong>Tout en condamnant dans les termes les plus vigoureux cette intervention r\u00e9pressive sanglante, le Bureau politique exprime sa compassion pour les martyrs de cette nouvelle Intifada du peuple soudanais et ses v\u0153ux de prompt r\u00e9tablissement des bless\u00e9s.<\/strong><\/span><\/p>\n<p class=\"c3\"><span class=\"c2\"><strong>Soutien aux forces de la libert\u00e9 et du changement<\/strong><\/span><\/p>\n<p class=\"c5\"><span class=\"c6\"><strong>Il appelle \u00e0 la lib\u00e9ration des d\u00e9tenus et renouvelle sa solidarit\u00e9 avec les revendications du Hirak.<\/strong><\/span><\/p>\n<p class=\"c5\"><span class=\"c6\"><strong>Il r\u00e9it\u00e8re son soutien aux forces de la libert\u00e9 et du changement et \u00e0 toutes les forces vives soudanaises.<\/strong><\/span><\/p>\n<p class=\"c5\"><span class=\"c6\"><strong>Il exhorte de m\u00eame la communaut\u00e9 internationale \u00e0 assumer pleinement ses responsabilit\u00e9s dans la protection du peuple soudanais contre l\u2019appareil de la r\u00e9pression et des tueries que les militaires semblent avoir choisi comme r\u00e9ponse \u00e0 cette vaillante contestation populaire pacifique.<\/strong><\/span><\/p>\n<p class=\"c5\"><span class=\"c6\"><strong>Il demande aussi aux pays de la r\u00e9gion de respecter la volont\u00e9 du peuple soudanais et de cesser toutes les tentatives aux cons\u00e9quences impr\u00e9visibles de s\u2019immiscer dans ses affaires int\u00e9rieures pour imposer un pouvoir r\u00e9actionnaire et dictatorial et d\u2019\u00e9viter de faire couler du sang au Soudan fr\u00e8re\u00bb.<\/strong><\/span><\/p>\n<p class=\"c7\"><span class=\"c4\"><strong>(B.P. du PPS)<\/strong><\/span><\/p>\n<p>Auteur: rahal mehamed<br \/>\n<a href=\"http:\/\/albayane.press.ma\/communique-du-bureau-politique-sur-la-situation-au-soudan.html\">Cliquez ici pour lire l&rsquo;article depuis sa source.<\/a><\/p>\n","protected":false},"excerpt":{"rendered":"<p>Le PPS condamne vigoureusement l\u2019intervention r\u00e9pressive sanglante \u00abLe Bureau politique du Parti du progr\u00e8s et du socialisme suit avec une grande inqui\u00e9tude les d\u00e9veloppements regrettables que le Soudan connait, en particulier les \u00e9v\u00e9nements sanglants du lundi 3 juin 2019. Ces derniers ont \u00e9t\u00e9 marqu\u00e9s par l\u2019intervention des forces arm\u00e9es qui ont ouvert le feu et [&hellip;]<\/p>\n","protected":false},"author":1760,"featured_media":0,"comment_status":"closed","ping_status":"closed","sticky":false,"template":"","format":"standard","meta":{"fifu_image_url":"","fifu_image_alt":"","footnotes":""},"categories":[73,54],"tags":[],"class_list":["post-39850","post","type-post","status-publish","format-standard","hentry","category-actualite","category-maroc"],"_links":{"self":[{"href":"https:\/\/linitiative.ca\/International\/wp-json\/wp\/v2\/posts\/39850","targetHints":{"allow":["GET"]}}],"collection":[{"href":"https:\/\/linitiative.ca\/International\/wp-json\/wp\/v2\/posts"}],"about":[{"href":"https:\/\/linitiative.ca\/International\/wp-json\/wp\/v2\/types\/post"}],"author":[{"embeddable":true,"href":"https:\/\/linitiative.ca\/International\/wp-json\/wp\/v2\/users\/1760"}],"replies":[{"embeddable":true,"href":"https:\/\/linitiative.ca\/International\/wp-json\/wp\/v2\/comments?post=39850"}],"version-history":[{"count":0,"href":"https:\/\/linitiative.ca\/International\/wp-json\/wp\/v2\/posts\/39850\/revisions"}],"wp:attachment":[{"href":"https:\/\/linitiative.ca\/International\/wp-json\/wp\/v2\/media?parent=39850"}],"wp:term":[{"taxonomy":"category","embeddable":true,"href":"https:\/\/linitiative.ca\/International\/wp-json\/wp\/v2\/categories?post=39850"},{"taxonomy":"post_tag","embeddable":true,"href":"https:\/\/linitiative.ca\/International\/wp-json\/wp\/v2\/tags?post=39850"}],"curies":[{"name":"wp","href":"https:\/\/api.w.org\/{rel}","templated":true}]}}