{"id":39852,"date":"2019-06-10T06:31:19","date_gmt":"2019-06-10T10:31:19","guid":{"rendered":"https:\/\/linitiative.ca\/International\/le-defi-sportif-de-lafrique\/"},"modified":"2019-06-10T06:31:19","modified_gmt":"2019-06-10T10:31:19","slug":"le-defi-sportif-de-lafrique","status":"publish","type":"post","link":"https:\/\/linitiative.ca\/International\/le-defi-sportif-de-lafrique\/","title":{"rendered":"Le d\u00e9fi sportif de l\u2019Afrique !"},"content":{"rendered":"<p class=\"c4\"><span class=\"c3\"><strong><span class=\"c2\">L<\/span>a sentence de la CAF ne s\u2019est pas trop fait attendre, apr\u00e8s les faits r\u00e9voltants de la finale de Rad\u00e8s.<\/strong><\/span><\/p>\n<p class=\"c4\">En effet, on retiendra la promptitude du verdict de l\u2019instance africaine qui survint au moment o\u00f9 l\u2019on criait scandale sur tous les toits. Il fallait bien \u00e9pargner le peu de cr\u00e9dibilit\u00e9 qui pouvait encore sauver cette confiance,\u00a0 s\u00e9v\u00e8rement \u00e9trill\u00e9e, ce jour-l\u00e0. On ne saurait revenir sur le d\u00e9roulement de\u00a0 cette soir\u00e9e cauchemardesque pendant laquelle r\u00e9gnaient \u00e0 la fois la violence et l\u2019injustice. Deux vils concepts que tout un chacun ne pourrait que condamner sans appel. \u00abLa violence est injuste d\u2019o\u00f9 qu\u2019elle vienne !\u00bb, disait un jour Jean Paul Sartre, l\u2019\u00e9rudit philosophe existentialiste du si\u00e8cle \u00e9coul\u00e9.<\/p>\n<p class=\"c4\">On conviendra alors sans aucun souci de se faire contredire que tout au long de son parcours, le football africain fut, en fait, macul\u00e9 de violence et d\u2019injustice. Dans ce sens, on se souviendra des m\u00e9saventures que la s\u00e9lection nationale avait endur\u00e9es dans les confins des contr\u00e9es africaines, en raison de multiples affres d\u2019arbitrage et d\u00e9ficiences d\u2019organisation. Ces traditions \u00e9hont\u00e9es qui suscitent encore la d\u00e9rision de la communaut\u00e9 sportive universelle, continuent \u00e0 s\u00e9vir, \u00e0 nos jours, sans que l\u2019on puisse lui mettre un terme, \u00e0 la plus haute pyramide de l\u2019institution africaine. La riposte ferme que vient d\u2019administrer la d\u00e9l\u00e9gation marocaine, lors du recours formul\u00e9 \u00e0 Paris pour restituer le droit bafou\u00e9 au Wydad, n\u2019\u00e9tait pas seulement un cri pour un succ\u00e8s personnel, mais aussi et surtout un proc\u00e8s solennel sur la violence et l\u2019injustice dans le continent.<\/p>\n<p class=\"c4\">Et c\u2019est l\u00e0 le grand m\u00e9rite du plaidoyer marocain \u00e0 l\u2019Hexagone o\u00f9 se tenaient, en parall\u00e8le, les assises de la FIFA qui ont reconduit Gianni Infantino sur le perchoir de l\u2019instance internationale de football. C\u2019est dire \u00e9galement que l\u2019occasion fut propice pour secouer le cocotier africain, en pr\u00e9sence de toutes les constituantes dirigeantes de la balle ronde du monde entier. C\u2019est enfin dans cette optique o\u00f9 se situe le \u00abrush\u00bb marocain qui avait fini par convaincre et vaincre, pas uniquement sur le dossier en question, mais aussi sommer et branler une nonchalance morbide qui ne fait d\u2019ailleurs, que durer pendant des lustres. Il importerait alors de concevoir la \u00abvictoire\u00bb de l\u2019appel marocain, non pas sur son homologue tunisien, mais en tant que pr\u00e9ambule d\u2019un long combat sans merci, contre l\u2019injustice et la violence.<\/p>\n<p class=\"c4\">Il ne s\u2019agirait surtout pas de s\u2019ouvrir des br\u00e8ches d\u2019affront irr\u00e9fl\u00e9chi entre deux nations s\u0153urs dont le dessein commun pour la construction de l\u2019union maghr\u00e9bine, est in\u00e9luctable. Cet enjeu capital est, \u00e0 coup s\u00fbr, bien plus primordial qu\u2019un simple gain de comp\u00e9tition qui demeure, apr\u00e8s tout, un jeu limit\u00e9 \u00e0 sa dimension sportive, loin de le conduire \u00e0 attiser des frictions politiques intestines. Il serait donc loisible d\u2019interrompre toute collision de haine d\u00e9cha\u00een\u00e9e par-ci, par-l\u00e0, dont les retomb\u00e9es f\u00e2cheuses ne seraient, en fin de compte,\u00a0 que pr\u00e9judiciables au niveau des rapports\u00a0 mutuels, cens\u00e9s \u00eatre perp\u00e9tuellement cordiaux entre les peuples de la r\u00e9gion. Toute r\u00e9ciprocit\u00e9 en termes de symbiose devrait, en cons\u00e9quence, se focaliser sur la lutte tenace contre toutes les formes de la d\u00e9pravation sportive, en vue de fonder de concert une Afrique forte, loyale et souveraine.<\/p>\n<p>Auteur: rahal mehamed<br \/>\n<a href=\"http:\/\/albayane.press.ma\/le-defi-sportif-de-lafrique.html\">Cliquez ici pour lire l&rsquo;article depuis sa source.<\/a><\/p>\n","protected":false},"excerpt":{"rendered":"<p>La sentence de la CAF ne s\u2019est pas trop fait attendre, apr\u00e8s les faits r\u00e9voltants de la finale de Rad\u00e8s. En effet, on retiendra la promptitude du verdict de l\u2019instance africaine qui survint au moment o\u00f9 l\u2019on criait scandale sur tous les toits. Il fallait bien \u00e9pargner le peu de cr\u00e9dibilit\u00e9 qui pouvait encore sauver [&hellip;]<\/p>\n","protected":false},"author":1760,"featured_media":0,"comment_status":"closed","ping_status":"closed","sticky":false,"template":"","format":"standard","meta":{"fifu_image_url":"","fifu_image_alt":"","footnotes":""},"categories":[73,54],"tags":[],"class_list":["post-39852","post","type-post","status-publish","format-standard","hentry","category-actualite","category-maroc"],"_links":{"self":[{"href":"https:\/\/linitiative.ca\/International\/wp-json\/wp\/v2\/posts\/39852","targetHints":{"allow":["GET"]}}],"collection":[{"href":"https:\/\/linitiative.ca\/International\/wp-json\/wp\/v2\/posts"}],"about":[{"href":"https:\/\/linitiative.ca\/International\/wp-json\/wp\/v2\/types\/post"}],"author":[{"embeddable":true,"href":"https:\/\/linitiative.ca\/International\/wp-json\/wp\/v2\/users\/1760"}],"replies":[{"embeddable":true,"href":"https:\/\/linitiative.ca\/International\/wp-json\/wp\/v2\/comments?post=39852"}],"version-history":[{"count":0,"href":"https:\/\/linitiative.ca\/International\/wp-json\/wp\/v2\/posts\/39852\/revisions"}],"wp:attachment":[{"href":"https:\/\/linitiative.ca\/International\/wp-json\/wp\/v2\/media?parent=39852"}],"wp:term":[{"taxonomy":"category","embeddable":true,"href":"https:\/\/linitiative.ca\/International\/wp-json\/wp\/v2\/categories?post=39852"},{"taxonomy":"post_tag","embeddable":true,"href":"https:\/\/linitiative.ca\/International\/wp-json\/wp\/v2\/tags?post=39852"}],"curies":[{"name":"wp","href":"https:\/\/api.w.org\/{rel}","templated":true}]}}