{"id":39853,"date":"2019-06-10T06:39:15","date_gmt":"2019-06-10T10:39:15","guid":{"rendered":"https:\/\/linitiative.ca\/International\/plus-de-441-000-candidats-au-baccalaureat\/"},"modified":"2019-06-10T06:39:15","modified_gmt":"2019-06-10T10:39:15","slug":"plus-de-441-000-candidats-au-baccalaureat","status":"publish","type":"post","link":"https:\/\/linitiative.ca\/International\/plus-de-441-000-candidats-au-baccalaureat\/","title":{"rendered":"Plus de 441.000 candidats au baccalaur\u00e9at"},"content":{"rendered":"<p class=\"c4\"><strong><span class=\"c2\">U<\/span><span class=\"c3\">n total de 441.065 candidats passeront les examens du baccalaur\u00e9at au titre de la session de juin 2019, soit une hausse de 0,3% par rapport \u00e0 l\u2019ann\u00e9e pr\u00e9c\u00e9dente, a annonc\u00e9 le minist\u00e8re de l\u2019\u00c9ducation nationale, de la Formation professionnelle, de l\u2019Enseignement sup\u00e9rieur et de la Recherche scientifique.<\/span><\/strong><\/p>\n<p class=\"c4\">Le nombre de candidats scolaris\u00e9s a atteint 332.298, alors que le nombre de candidats libres s\u2019\u00e9l\u00e8ve \u00e0 108.767, soit 25% de l\u2019effectif global des candidats, pr\u00e9cise le minist\u00e8re dans un communiqu\u00e9, ajoutant que les candidates repr\u00e9sentent 48%.<\/p>\n<p class=\"c4\">Par p\u00f4les de branches, les candidats se r\u00e9partissent entre le p\u00f4le des branches scientifiques et techniques a atteint 244.776, soit 64%, et les fili\u00e8res litt\u00e9raires et originelles (187.383), alors que le nombre des candidats dans les fili\u00e8res internationales (option fran\u00e7ais et anglais) est pass\u00e9 \u00e0 24.979, contre 18.326 l\u2019ann\u00e9e \u00e9coul\u00e9e, soit une hausse de 36%.<\/p>\n<p class=\"c4\">Le nombre des candidats au baccalaur\u00e9at professionnel a presque quadrupl\u00e9 par rapport \u00e0 la session de 2018, pour se chiffrer \u00e0 8.178, contre 2.115. Ils sont r\u00e9partis sur 19 fili\u00e8res, dont le p\u00f4le professionnel commercial, qui a connu une \u00e9volution importante du nombre de candidatures, qui s\u2019est \u00e9lev\u00e9 \u00e0 3.542, contre 574 l\u2019ann\u00e9e derni\u00e8re. Il s\u2019agit \u00e9galement du p\u00f4le professionnel industriel, qui est pass\u00e9e de 1.394 candidats \u00e0 3.927, enregistrant une augmentation d\u2019environ 282%. Le p\u00f4le professionnel des services est pass\u00e9e, lui, de 147 candidats en 2018 \u00e0 709 cette ann\u00e9e.<\/p>\n<p class=\"c4\">Parmi les nouveaut\u00e9s de cette session, qui se d\u00e9roulera du 11 au 14 juin, figure la premi\u00e8re promotion de candidats libres \u00e0 passer l\u2019examen nationale normalis\u00e9 du baccalaur\u00e9at professionnel, dont le nombre s\u2019\u00e9l\u00e8ve \u00e0 729 candidats.<\/p>\n<p class=\"c4\">Le nombre de candidats en situation de handicap qui b\u00e9n\u00e9ficieront des proc\u00e9dures d\u2019adaptation des examens a d\u00e9pass\u00e9 les 400, contre 242 l\u2019ann\u00e9e pr\u00e9c\u00e9dente, soit une hausse de 65%.\u00a0Cette session conna\u00eetra la g\u00e9n\u00e9ralisation des proc\u00e9dures d\u2019adaptation des examens dans 13 fili\u00e8res, contre neuf l\u2019ann\u00e9e \u00e9coul\u00e9e.<\/p>\n<p class=\"c4\">De m\u00eame, il sera proc\u00e9d\u00e9 \u00e0 l\u2019adaptation des proc\u00e9dures d\u2019examen pour les candidats issus d\u2019autres syst\u00e8mes \u00e9ducatifs, tels que les enfants d\u2019\u00e9migr\u00e9s marocains de retour au pays ou les enfants d\u2019immigr\u00e9s install\u00e9s au Maroc.<\/p>\n<p class=\"c4\">Au niveau des acad\u00e9mies r\u00e9gionales de l\u2019\u00e9ducation et de la formation (AREF), 1.500 centres d\u2019examen et 350 centres de correction seront affect\u00e9s dans les diff\u00e9rentes directions provinciales.<\/p>\n<p class=\"c4\">Dans le cadre du renforcement des m\u00e9canismes de lutte et de r\u00e9pression de la fraude dans les examens, des campagnes de sensibilisation provinciales, r\u00e9gionales et nationales ont \u00e9t\u00e9 lanc\u00e9es, avec la participation de l\u2019ensemble des intervenants p\u00e9dagogiques et des m\u00e9dias et ce, en vue d\u2019informer les candidats des cons\u00e9quences de ces actes et les encourager \u00e0 adh\u00e9rer aux valeurs de la transparence et de l\u2019\u00e9galit\u00e9 des chances.<\/p>\n<p class=\"c4\">Dans le m\u00eame contexte, chaque candidat au baccalaur\u00e9at, scolaris\u00e9 ou libre, a \u00e9t\u00e9 appel\u00e9 \u00e0 pr\u00e9senter un engagement, d\u00fbment sign\u00e9 et l\u00e9galis\u00e9, attestant qu\u2019il a eu connaissance des lois et d\u00e9cisions en relation avec la fraude lors des examens et des sanctions p\u00e9dagogiques et r\u00e9pressives en vigueur.<\/p>\n<p class=\"c4\">A l\u2019instar des ann\u00e9es pr\u00e9c\u00e9dentes, des comit\u00e9s de veille et de suivi seront cr\u00e9\u00e9s aux niveaux provincial, r\u00e9gional et national pour suivre les proc\u00e9dures d\u2019examens du baccalaur\u00e9at et publier des donn\u00e9es \u00e0 leur sujet, afin de permettre une intervention imm\u00e9diate.<\/p>\n<p class=\"c4\">Les r\u00e9sultats de la session ordinaire des examens du baccalaur\u00e9at seront annonc\u00e9s le 26 juin,\u00a0alors que la session de rattrapage se tiendra les 4, 5, 6 et 8 juillet 2019, avec affichage des r\u00e9sultats le 13 du m\u00eame mois.<\/p>\n<p class=\"c4\">L\u2019examen r\u00e9gional normalis\u00e9 de la premi\u00e8re ann\u00e9e du baccalaur\u00e9at et l\u2019examen r\u00e9gional pour les candidats libres se d\u00e9roulera les 8 et 10 juin, a indiqu\u00e9 la m\u00eame source, pr\u00e9cisant que 316.950 candidats scolaris\u00e9s passeront ces examens.<\/p>\n<p>Auteur: rahal mehamed<br \/>\n<a href=\"http:\/\/albayane.press.ma\/plus-de-441-000-candidats-au-baccalaureat.html\">Cliquez ici pour lire l&rsquo;article depuis sa source.<\/a><\/p>\n","protected":false},"excerpt":{"rendered":"<p>Un total de 441.065 candidats passeront les examens du baccalaur\u00e9at au titre de la session de juin 2019, soit une hausse de 0,3% par rapport \u00e0 l\u2019ann\u00e9e pr\u00e9c\u00e9dente, a annonc\u00e9 le minist\u00e8re de l\u2019\u00c9ducation nationale, de la Formation professionnelle, de l\u2019Enseignement sup\u00e9rieur et de la Recherche scientifique. Le nombre de candidats scolaris\u00e9s a atteint 332.298, [&hellip;]<\/p>\n","protected":false},"author":1760,"featured_media":0,"comment_status":"closed","ping_status":"closed","sticky":false,"template":"","format":"standard","meta":{"fifu_image_url":"","fifu_image_alt":"","footnotes":""},"categories":[73,54],"tags":[],"class_list":["post-39853","post","type-post","status-publish","format-standard","hentry","category-actualite","category-maroc"],"_links":{"self":[{"href":"https:\/\/linitiative.ca\/International\/wp-json\/wp\/v2\/posts\/39853","targetHints":{"allow":["GET"]}}],"collection":[{"href":"https:\/\/linitiative.ca\/International\/wp-json\/wp\/v2\/posts"}],"about":[{"href":"https:\/\/linitiative.ca\/International\/wp-json\/wp\/v2\/types\/post"}],"author":[{"embeddable":true,"href":"https:\/\/linitiative.ca\/International\/wp-json\/wp\/v2\/users\/1760"}],"replies":[{"embeddable":true,"href":"https:\/\/linitiative.ca\/International\/wp-json\/wp\/v2\/comments?post=39853"}],"version-history":[{"count":0,"href":"https:\/\/linitiative.ca\/International\/wp-json\/wp\/v2\/posts\/39853\/revisions"}],"wp:attachment":[{"href":"https:\/\/linitiative.ca\/International\/wp-json\/wp\/v2\/media?parent=39853"}],"wp:term":[{"taxonomy":"category","embeddable":true,"href":"https:\/\/linitiative.ca\/International\/wp-json\/wp\/v2\/categories?post=39853"},{"taxonomy":"post_tag","embeddable":true,"href":"https:\/\/linitiative.ca\/International\/wp-json\/wp\/v2\/tags?post=39853"}],"curies":[{"name":"wp","href":"https:\/\/api.w.org\/{rel}","templated":true}]}}