{"id":39887,"date":"2019-06-10T14:41:00","date_gmt":"2019-06-10T18:41:00","guid":{"rendered":"https:\/\/linitiative.ca\/International\/mostaganem-en-deuil-un-cinquieme-cadavre-repeche-a-la-plage-de-kaf-lasfar\/"},"modified":"2019-06-10T14:41:00","modified_gmt":"2019-06-10T18:41:00","slug":"mostaganem-en-deuil-un-cinquieme-cadavre-repeche-a-la-plage-de-kaf-lasfar","status":"publish","type":"post","link":"https:\/\/linitiative.ca\/International\/mostaganem-en-deuil-un-cinquieme-cadavre-repeche-a-la-plage-de-kaf-lasfar\/","title":{"rendered":"MOSTAGANEM EN DEUIL : Un cinqui\u00e8me cadavre rep\u00each\u00e9 \u00e0 la plage de Kaf Lasfar"},"content":{"rendered":"<p><br id=\"sep_para_1\" class=\"sep_para access\"\/><\/p>\n<div id=\"para_1\" class=\"para_31634284 resize\">\n<div class=\"texte access firstletter\">Depuis jeudi dernier, deux\u00a0 jours apr\u00e8s l\u2019A\u00efd El Fitr, la mer ne cesse de rejeter des corps sans vie sur les plages du littoral de Mostaganem. Le dimanche dernier, un cinqui\u00e8me corps a encore \u00e9t\u00e9 rejet\u00e9 par les vagues sur la plage de Kaf Lasfar. Ce\u00a0 drame qui se poursuit, attriste davantage la perle de la M\u00e9diterran\u00e9e qui pleure sans cesse\u00a0 ses enfants au fil des jours. Le\u00a0 dimanche dernier, un nouveau corps sans la moindre vie a \u00e9t\u00e9 encore rep\u00each\u00e9 par les \u00e9l\u00e9ments de la protection civile qui ont alert\u00e9 de cette d\u00e9couverte macabre sur la plage de Kaf Lasfar. La d\u00e9pouille mortelle de cet \u00e9ni\u00e8me \u2018\u2019harrag\u2019\u2019 a \u00e9t\u00e9\u00a0 \u00e9vacu\u00e9e vers la morgue de l\u2019\u00e9tablissement hospitalier public de Sidi Ali. Notons \u00e0 ce sujet que trois corps inertes de harraga ont \u00e9t\u00e9\u00a0 \u00e9galement rejet\u00e9s par la mer, entre le jeudi dernier, et vendredi, sur les c\u00f4tes des plages d\u2019Our\u00e9ah et Kaf Lasfar .Dans l\u2019apr\u00e8s-midi du jeudi dernier, les unit\u00e9s des garde-c\u00f4tes ont d\u00e9couvert le corps d\u2019un jeune harrag , \u00e2g\u00e9 d\u2019une trentaine d\u2019ann\u00e9es, qui n\u2019a pu \u00eatre identifi\u00e9 et qui \u00e9tait dans un \u00e9tat de d\u00e9composition avanc\u00e9e, \u00e0 deux miles au nord de la localit\u00e9 d\u2019Our\u00e9ah ( Ouest de Mostaganem).\u00a0 Le vendredi, trois corps sans vie de trois autres harraga ont \u00e9t\u00e9 rejet\u00e9s par la mer, sur la plage Kaf Lasfar \u00e0 l\u2019est de la wilaya \u00e0 60 km de Mostaganem. Les d\u00e9pouilles mortelles ont \u00e9t\u00e9 transf\u00e9r\u00e9es par les unit\u00e9s de la protection civile, vers les services de la morgue, pr\u00e8s de l\u2019h\u00f4pital de Mostaganem pour les besoins de l\u2019autopsie m\u00e9dicale. Selon des informations recueillies, cette dramatique tentative d\u2019\u00e9migration clandestine\u00a0 semble avoir \u00e9chou\u00e9 en raison des mauvaises conditions climatiques, et s\u2019est sold\u00e9e\u00a0 par le renversement\u00a0 de l\u2019embarcation\u00a0 et\u00a0 la perte de ses passagers en pleine mer, selon d\u2019autres sources. Notons \u00e9galement que les \u00e9l\u00e9ments de la gendarmerie ont\u00a0 ouvert des\u00a0 enqu\u00eates pour d\u00e9terminer les circonstances de ces\u00a0 d\u00e9couvertes macabres qui se signalent de jour en jour.\u00a0\u00a0\u00a0\u00a0\u00a0\u00a0\u00a0\u00a0<\/div>\n<\/div>\n<p>Auteur: Smain<br \/>\n<a href=\"https:\/\/www.reflexiondz.net\/MOSTAGANEM-EN-DEUIL-Un-cinquieme-cadavre-repeche-a-la-plage-de-Kaf-Lasfar_a56131.html\">Cliquez ici pour lire l&rsquo;article depuis sa source.<\/a><\/p>\n","protected":false},"excerpt":{"rendered":"<p>Depuis jeudi dernier, deux\u00a0 jours apr\u00e8s l\u2019A\u00efd El Fitr, la mer ne cesse de rejeter des corps sans vie sur les plages du littoral de Mostaganem. Le dimanche dernier, un cinqui\u00e8me corps a encore \u00e9t\u00e9 rejet\u00e9 par les vagues sur la plage de Kaf Lasfar. Ce\u00a0 drame qui se poursuit, attriste davantage la perle de [&hellip;]<\/p>\n","protected":false},"author":1740,"featured_media":0,"comment_status":"closed","ping_status":"closed","sticky":false,"template":"","format":"standard","meta":{"fifu_image_url":"","fifu_image_alt":"","footnotes":""},"categories":[53,76],"tags":[],"class_list":["post-39887","post","type-post","status-publish","format-standard","hentry","category-algerie","category-regions"],"_links":{"self":[{"href":"https:\/\/linitiative.ca\/International\/wp-json\/wp\/v2\/posts\/39887","targetHints":{"allow":["GET"]}}],"collection":[{"href":"https:\/\/linitiative.ca\/International\/wp-json\/wp\/v2\/posts"}],"about":[{"href":"https:\/\/linitiative.ca\/International\/wp-json\/wp\/v2\/types\/post"}],"author":[{"embeddable":true,"href":"https:\/\/linitiative.ca\/International\/wp-json\/wp\/v2\/users\/1740"}],"replies":[{"embeddable":true,"href":"https:\/\/linitiative.ca\/International\/wp-json\/wp\/v2\/comments?post=39887"}],"version-history":[{"count":0,"href":"https:\/\/linitiative.ca\/International\/wp-json\/wp\/v2\/posts\/39887\/revisions"}],"wp:attachment":[{"href":"https:\/\/linitiative.ca\/International\/wp-json\/wp\/v2\/media?parent=39887"}],"wp:term":[{"taxonomy":"category","embeddable":true,"href":"https:\/\/linitiative.ca\/International\/wp-json\/wp\/v2\/categories?post=39887"},{"taxonomy":"post_tag","embeddable":true,"href":"https:\/\/linitiative.ca\/International\/wp-json\/wp\/v2\/tags?post=39887"}],"curies":[{"name":"wp","href":"https:\/\/api.w.org\/{rel}","templated":true}]}}