{"id":39889,"date":"2019-06-10T14:41:00","date_gmt":"2019-06-10T18:41:00","guid":{"rendered":"https:\/\/linitiative.ca\/International\/tiaret-les-citoyens-de-lalla-abdia-ferment-la-route\/"},"modified":"2019-06-10T14:41:00","modified_gmt":"2019-06-10T18:41:00","slug":"tiaret-les-citoyens-de-lalla-abdia-ferment-la-route","status":"publish","type":"post","link":"https:\/\/linitiative.ca\/International\/tiaret-les-citoyens-de-lalla-abdia-ferment-la-route\/","title":{"rendered":"TIARET : Les citoyens de \u2018\u2019Lalla Abdia\u2019\u2019 ferment la route"},"content":{"rendered":"<p><br id=\"sep_para_1\" class=\"sep_para access\"\/><\/p>\n<div id=\"para_1\" class=\"para_31634249 resize\">\n<div class=\"texte access firstletter\">Le dimanche 9 juin 2019,des dizaines d&rsquo;habitants de la cit\u00e9 \u00ab\u00a0Lalla Abdia\u00a0\u00bb situ\u00e9e dans les hauteurs de la ville de Tiaret et ouvrant sur la RN 23 (voie d\u2019\u00e9vitement) ont ferm\u00e9 la route, usant de pierres,de branches d&rsquo;arbres et d&rsquo;autres objets h\u00e9t\u00e9roclites,apprend-on aupr\u00e8s de nos sources, pr\u00e9sentes sur les lieux et qui ajoutent que cette voie d\u2019\u00e9vitement connait un tr\u00e8s grand trafic routier et qu&rsquo;une cha\u00eene interminable de v\u00e9hicules toutes cat\u00e9gories, a \u00e9t\u00e9 de visu remarquable et ce, depuis pr\u00e8s d&rsquo;une heure et que le mobile de ces protestations,demeure \u00e9ternellement,l&rsquo;octroi d&rsquo;un projet de r\u00e9alisation de l\u2019am\u00e9nagement urbain et ce, en d\u00e9pit des diverses correspondances adress\u00e9es \u00e0 qui de droit et lesquelles sont rest\u00e9es sans r\u00e9ponses .La certitude, c\u2019est que cet ancien quartier de Tiaret a \u00e9t\u00e9 de tout temps marginalis\u00e9 ,selon les t\u00e9moignages de ses habitants qui d\u00e9clarent qu&rsquo;ils vivent le\u00a0 calvaire avec des rues sans lumi\u00e8re ni am\u00e9nagement urbain et que le d\u00e9cor de la cit\u00e9 nourrit l&rsquo;ire des citoyens au quotidien. Par ailleurs, une source responsable, a indiqu\u00e9 au journal \u00abR\u00e9flexion\u00a0\u00bb que plusieurs quartiers de Tiaret b\u00e9n\u00e9ficieront de projets d\u2019am\u00e9nagement urbain dont la cit\u00e9 \u00ab\u00a0Lalla Abdia\u00a0\u00bb et que le temps est \u00e0 l&rsquo;agenda des proc\u00e9dures administratives. Pour l&rsquo;heure, les citoyens de cette cit\u00e9, ont dress\u00e9 une grande tente et comptent tenir des sit-in pour faire parvenir leur message.\u00a0\u00a0\u00a0<\/div>\n<\/div>\n<p>Auteur: A.Benrebiha<br \/>\n<a href=\"https:\/\/www.reflexiondz.net\/TIARET-Les-citoyens-de-Lalla-Abdia-ferment-la-route_a56128.html\">Cliquez ici pour lire l&rsquo;article depuis sa source.<\/a><\/p>\n","protected":false},"excerpt":{"rendered":"<p>Le dimanche 9 juin 2019,des dizaines d&rsquo;habitants de la cit\u00e9 \u00ab\u00a0Lalla Abdia\u00a0\u00bb situ\u00e9e dans les hauteurs de la ville de Tiaret et ouvrant sur la RN 23 (voie d\u2019\u00e9vitement) ont ferm\u00e9 la route, usant de pierres,de branches d&rsquo;arbres et d&rsquo;autres objets h\u00e9t\u00e9roclites,apprend-on aupr\u00e8s de nos sources, pr\u00e9sentes sur les lieux et qui ajoutent que cette [&hellip;]<\/p>\n","protected":false},"author":1740,"featured_media":0,"comment_status":"closed","ping_status":"closed","sticky":false,"template":"","format":"standard","meta":{"fifu_image_url":"","fifu_image_alt":"","footnotes":""},"categories":[53,76],"tags":[],"class_list":["post-39889","post","type-post","status-publish","format-standard","hentry","category-algerie","category-regions"],"_links":{"self":[{"href":"https:\/\/linitiative.ca\/International\/wp-json\/wp\/v2\/posts\/39889","targetHints":{"allow":["GET"]}}],"collection":[{"href":"https:\/\/linitiative.ca\/International\/wp-json\/wp\/v2\/posts"}],"about":[{"href":"https:\/\/linitiative.ca\/International\/wp-json\/wp\/v2\/types\/post"}],"author":[{"embeddable":true,"href":"https:\/\/linitiative.ca\/International\/wp-json\/wp\/v2\/users\/1740"}],"replies":[{"embeddable":true,"href":"https:\/\/linitiative.ca\/International\/wp-json\/wp\/v2\/comments?post=39889"}],"version-history":[{"count":0,"href":"https:\/\/linitiative.ca\/International\/wp-json\/wp\/v2\/posts\/39889\/revisions"}],"wp:attachment":[{"href":"https:\/\/linitiative.ca\/International\/wp-json\/wp\/v2\/media?parent=39889"}],"wp:term":[{"taxonomy":"category","embeddable":true,"href":"https:\/\/linitiative.ca\/International\/wp-json\/wp\/v2\/categories?post=39889"},{"taxonomy":"post_tag","embeddable":true,"href":"https:\/\/linitiative.ca\/International\/wp-json\/wp\/v2\/tags?post=39889"}],"curies":[{"name":"wp","href":"https:\/\/api.w.org\/{rel}","templated":true}]}}