{"id":39892,"date":"2019-06-10T08:29:00","date_gmt":"2019-06-10T12:29:00","guid":{"rendered":"https:\/\/linitiative.ca\/International\/ahmed-friaa-lintelligence-artificielle-ia-oui-il-est-temps-den-debattre\/"},"modified":"2019-06-10T08:29:00","modified_gmt":"2019-06-10T12:29:00","slug":"ahmed-friaa-lintelligence-artificielle-ia-oui-il-est-temps-den-debattre","status":"publish","type":"post","link":"https:\/\/linitiative.ca\/International\/ahmed-friaa-lintelligence-artificielle-ia-oui-il-est-temps-den-debattre\/","title":{"rendered":"Ahmed Friaa &#8211; L\u2019Intelligence Artificielle (IA) : Oui il est temps d\u2019en d\u00e9battre!"},"content":{"rendered":"<p>Je commencerai par r\u00e9pondre \u00e0 ceux qui seraient tent\u00e9s, sans prendre la peine de lire ce qui est \u00e9crit, de se poser la question r\u00e9currente : mais ce monsieur est-il sp\u00e9cialiste d\u2019intelligence artificielle pour en parler?<\/p>\n<p>Rassurez-vous, ma r\u00e9ponse est Non ! Je n\u2019en suis pas sp\u00e9cialiste. Mais j\u2019ai n\u00e9anmoins la curiosit\u00e9 d\u2019esprit qui me permet de m\u2019y int\u00e9resser et d\u2019essayer de sensibiliser mes concitoyens \u00e0 son importance. Que ces individus, qui ne lisent point et qui ne font que d\u00e9nigrer, sachent que celui qui a d\u00e9velopp\u00e9 le premier programme informatique en ing\u00e9nierie de la construction, d\u00e8s 1960, n\u2019a jamais \u00e9t\u00e9 informaticien, mais plut\u00f4t ing\u00e9nieur de g\u00e9nie civil, que l\u2019ancien directeur d\u2019un important laboratoire d\u2019intelligence artificielle en France, qui \u00e9tait en plus un ami, est plut\u00f4t un grand sp\u00e9cialiste de sciences m\u00e9caniques et enfin, que l\u2019un des meilleurs vulgarisateurs des IA en France est un chirurgien!<\/p>\n<p>Le Forum Tunisien du Savoir et du D\u00e9veloppement (FTSDH) organise, dans la matin\u00e9e du 14 juin 2019, une conf\u00e9rence d\u00e9di\u00e9e \u00e0 l\u2019Intelligence Artificielle (IA). Cette conf\u00e9rence sera donn\u00e9e par le Pr. Eric Moulines, Professeur d\u2019IA \u00e0 l\u2019Ecole Polytechnique de Paris, membre de l\u2019Acad\u00e9mie fran\u00e7aise des Sciences et l\u2019un des meilleurs sp\u00e9cialistes \u00e0 l\u2019\u00e9chelle internationale.<\/p>\n<p>D\u2019aucuns pourraient \u00eatre tent\u00e9s par se demander si cette th\u00e9matique m\u00e9ritait d\u2019\u00eatre d\u00e9battue en ce moment, dans notre pays, qui connait de nombreux probl\u00e8mes relevant plut\u00f4t de la vie de tous les jours ?<br \/>Je r\u00e9pondrai plus loin \u00e0 cette question l\u00e9gitime et je dirai pourquoi, au contraire, il faut qu\u2019un d\u00e9bat national responsable et s\u00e9rieux ait lieu au plus t\u00f4t concernant cet important sujet.<\/p>\n<p>Mais commen\u00e7ons par donner une d\u00e9finition de ce qu\u2019on entend par IA. Il s\u2019agit d\u2019un terme qui couve une r\u00e9alit\u00e9 complexe et vari\u00e9e et il n\u2019existe pas, jusqu\u2019\u00e0 ce jour, une d\u00e9finition qui fait l\u2019unanimit\u00e9. La plus r\u00e9pandue est cependant celle disant que \u00abl\u2019Intelligence Artificielle est un programme capable de reproduire des s\u00e9quences des capacit\u00e9s cognitives du cerveau humain\u00bb. Son objectif ultime serait la fabrication d\u2019un \u00abcerveau \u00e9lectronique\u00bb o\u00f9 les neurones biologiques seraient remplac\u00e9s par des \u00abneurones num\u00e9riques\u00bb, mais on n\u2019en est tr\u00e8s loin, pour l\u2019instant.<\/p>\n<p>L\u2019intelligence artificielle s\u2019appuie par cons\u00e9quent sur l\u2018apprentissage machine \u00abmachine Learning\u00bb, comme pour l\u2019apprentissage des petits enfants, et le \u00abDeep Learning\u00bb qui en est une forme plus \u00e9labor\u00e9e.<br \/>Mais, autant l\u2019apprentissage des enfants n\u00e9cessite, en g\u00e9n\u00e9ral, un petit nombre de donn\u00e9es, autant l\u2019apprentissage machine n\u00e9cessite un nombre consid\u00e9rable de ces m\u00eames donn\u00e9es. A titre d\u2019exemple, il suffit de montrer \u00e0 un jeune enfant quelques images d\u2019un animal donn\u00e9 pour qu\u2019il puisse en deviner un semblable. En revanche, il faut des millions voire des dizaines de millions de donn\u00e9es pour qu\u2019une machine atteigne la m\u00eame performance, ce qui du reste n\u00e9cessite une grande capacit\u00e9 de calcul et de stockage des informations.<\/p>\n<p>Les progr\u00e8s remarquables enregistr\u00e9s par l\u2019IA, depuis 2015 notamment : reconnaissance faciale, synth\u00e8se de la voix, traduction, interpr\u00e9tation d\u2019images etc., se sont r\u00e9alis\u00e9s gr\u00e2ce \u00e0 la conjugaison de trois facteurs en particulier. D\u2019abord, la disponibilit\u00e9 de moyens de calculs et de stockage des donn\u00e9es de plus en plus puissants, avec des capacit\u00e9s qui se comptent en milliard de milliards d\u2019op\u00e9rations par seconde. Il y a ensuite, les progr\u00e8s substantiels en neurosciences, avec une meilleure connaissance des processus r\u00e9gissant le fonctionnement du cerveau humain. Il y a enfin, la disponibilit\u00e9 d\u2019un nombre grandissant de donn\u00e9es \u00abBig Data\u00bb, gr\u00e2ce notamment \u00e0 la quantit\u00e9 consid\u00e9rable de donn\u00e9es fournies, gratuitement, soit dit en passant, chaque jour, par les r\u00e9seaux sociaux.<\/p>\n<p>Si bien que le triptyque : Microprocesseurs puissants- progr\u00e8s des neurosciences- et Big data est \u00e0 l\u2019origine d\u2019une nouvelle r\u00e9volution dont l\u2019impact sur la civilisation humaine sera, selon toute vraisemblance, consid\u00e9rable.<\/p>\n<p>Elle risque en particulier de cr\u00e9er de nouvelles fractures plus redoutables, telles que, si des mesures \u00e9nergiques, concert\u00e9es et appropri\u00e9es \u00e0 l\u2019\u00e9chelle internationale ne sont pas prises, les combler seraient extr\u00eamement difficile. Des fractures entre pays et, \u00e0 l\u2019int\u00e9rieur d\u2019un m\u00eame pays, entre individus. Des fractures s\u00e9parant ceux qui maitrisent l\u2019IA et les Big Data et en profitent et ceux qui en seraient exclus.<br \/>L\u2019IA est \u00e9galement en train de changer de nombreux paradigmes et en particulier notre rapport au savoir, avec de redoutables d\u00e9fis pos\u00e9s aux syst\u00e8mes \u00e9ducatifs.<\/p>\n<p>Si bien que, sans \u00eatre un devin, le monde de 2030 ou 2040, c\u2019est-\u00e0-dire demain, compte tenu de l\u2019acc\u00e9l\u00e9ration du temps, sera compl\u00e8tement diff\u00e9rent de ce qu\u2019il est aujourd\u2019hui.<\/p>\n<p>L\u2019\u00e9cole de demain sera diff\u00e9rente, les comp\u00e9tences demand\u00e9es \u00e0 un jeune seront diff\u00e9rentes, la m\u00e9decine et la banque seront autres, de nombreux m\u00e9tiers auront disparu ou radicalement transform\u00e9s, d\u2019autres auront \u00e9merg\u00e9, nos modes de locomotion et d\u2019\u00e9change auront chang\u00e9, la vie priv\u00e9e sera difficilement pr\u00e9serv\u00e9e etc.<\/p>\n<p>Les impacts seront consid\u00e9rables sur tous les plans, \u00e9thiques, philosophiques, politiques, culturels, sociaux et domestiques.<\/p>\n<p>Or, un jeune tunisien qui nait aujourd\u2019hui, ou qui est au primaire en ce moment, atteindra l\u2019Age adulte pr\u00e9cis\u00e9ment aux environs de 2040 et passera la majeure partie de sa vie en pleine r\u00e9volution de l\u2019Intelligence artificielle. Cette th\u00e9matique de l\u2019IA concerne, par cons\u00e9quent, fortement nos g\u00e9n\u00e9rations futures et il est de notre devoir de nous y int\u00e9resser! Ceux qui croient qu\u2019il s\u2019agit d\u2019un sujet en d\u00e9calage par rapport aux urgences de notre pays se trompent et auront \u00e0 rendre des comptes devant l\u2019histoire.<\/p>\n<p>Au lieu des querelles politiciennes et des d\u00e9bats marginaux, au lieu de perdre son temps \u00e0 juger des morts, ce qui du este ne m\u00e8ne qu\u2019\u00e0 la poubelle de l\u2019histoire, ouvrons plut\u00f4t des d\u00e9bats responsables autour de grands sujets qui conditionnent la vie de nos jeunes et celle de nos g\u00e9n\u00e9rations futures. Celles-ci vont \u00e9voluer dans un monde domin\u00e9 par le savoir et o\u00f9 les guerres ne se feront plus, comme c\u2019est le cas jusqu\u2019ici, par les armes ou via l\u2019\u00e9conomie mais se feront d\u00e9sormais par l\u2019intelligence et retenons bien ce terme qui se fera de plus en plus entende \u00e0 l\u2019avenir \u00abguerre des intelligences\u00bb.<br \/>Sachons enfin qu\u2019il est illusoire de s\u2019attendre \u00e0 un infl\u00e9chissement du cours de l\u2019histoire car, comme cela a \u00e9t\u00e9 bien dit par le grand math\u00e9maticien Emile Borel, d\u00e8s les ann\u00e9es 1940, et je cite \u00ab Mais l\u2019\u00e9volution de la science se poursuit et ne s\u2019arr\u00eatera que lorsque l\u2019esp\u00e8ce humaine disparaitra, \u00e0 moins qu\u2019elle ne se condamne \u00e0 une d\u00e9cadence irr\u00e9m\u00e9diable en renon\u00e7ant \u00e0 la recherche de la v\u00e9rit\u00e9 qui est le seul but vraiment digne de son activit\u00e9\u00bb.<\/p>\n<p>Et, que ceux que cela int\u00e9resse soient les bienvenus \u00e0 la conf\u00e9rence objet de cet article, en contactant le Forum Tunisien du savoir et du D\u00e9veloppement Humain \u00e0 l\u2019adresse suivante:<br \/>ftsd.tunisie@gmail.com<\/p>\n<p class=\"c2\"><strong>Pr. Ahmed Friaa<br \/><\/strong> <em>Universitaire<\/em><\/p>\n<p>Auteur:<br \/>\n<a href=\"https:\/\/www.leaders.com.tn\/article\/27258-ahmed-friaa-l-intelligence-artificielle-ia-oui-il-est-temps-d-en-debattre\">Cliquez ici pour lire l&rsquo;article depuis sa source.<\/a><\/p>\n","protected":false},"excerpt":{"rendered":"<p>Je commencerai par r\u00e9pondre \u00e0 ceux qui seraient tent\u00e9s, sans prendre la peine de lire ce qui est \u00e9crit, de se poser la question r\u00e9currente : mais ce monsieur est-il sp\u00e9cialiste d\u2019intelligence artificielle pour en parler? Rassurez-vous, ma r\u00e9ponse est Non ! Je n\u2019en suis pas sp\u00e9cialiste. Mais j\u2019ai n\u00e9anmoins la curiosit\u00e9 d\u2019esprit qui me [&hellip;]<\/p>\n","protected":false},"author":1772,"featured_media":0,"comment_status":"closed","ping_status":"closed","sticky":false,"template":"","format":"standard","meta":{"fifu_image_url":"","fifu_image_alt":"","footnotes":""},"categories":[73,55],"tags":[],"class_list":["post-39892","post","type-post","status-publish","format-standard","hentry","category-actualite","category-tunisie"],"_links":{"self":[{"href":"https:\/\/linitiative.ca\/International\/wp-json\/wp\/v2\/posts\/39892","targetHints":{"allow":["GET"]}}],"collection":[{"href":"https:\/\/linitiative.ca\/International\/wp-json\/wp\/v2\/posts"}],"about":[{"href":"https:\/\/linitiative.ca\/International\/wp-json\/wp\/v2\/types\/post"}],"author":[{"embeddable":true,"href":"https:\/\/linitiative.ca\/International\/wp-json\/wp\/v2\/users\/1772"}],"replies":[{"embeddable":true,"href":"https:\/\/linitiative.ca\/International\/wp-json\/wp\/v2\/comments?post=39892"}],"version-history":[{"count":0,"href":"https:\/\/linitiative.ca\/International\/wp-json\/wp\/v2\/posts\/39892\/revisions"}],"wp:attachment":[{"href":"https:\/\/linitiative.ca\/International\/wp-json\/wp\/v2\/media?parent=39892"}],"wp:term":[{"taxonomy":"category","embeddable":true,"href":"https:\/\/linitiative.ca\/International\/wp-json\/wp\/v2\/categories?post=39892"},{"taxonomy":"post_tag","embeddable":true,"href":"https:\/\/linitiative.ca\/International\/wp-json\/wp\/v2\/tags?post=39892"}],"curies":[{"name":"wp","href":"https:\/\/api.w.org\/{rel}","templated":true}]}}