{"id":39896,"date":"2019-06-10T13:38:00","date_gmt":"2019-06-10T17:38:00","guid":{"rendered":"https:\/\/linitiative.ca\/International\/deces-de-me-abdallah-boubaker\/"},"modified":"2019-06-10T13:38:00","modified_gmt":"2019-06-10T17:38:00","slug":"deces-de-me-abdallah-boubaker","status":"publish","type":"post","link":"https:\/\/linitiative.ca\/International\/deces-de-me-abdallah-boubaker\/","title":{"rendered":"D\u00e9c\u00e8s de Me Abdallah Boubaker"},"content":{"rendered":"<div><img decoding=\"async\" src=\"http:\/\/www.leaders.com.tn\/uploads\/content\/thumbnails_small\/1560186220_article.jpg\" alt=\"D\u00e9c\u00e8s de Me Abdallah Boubaker\" align=\"left\">Nous venons d\u2019apprendre le d\u00e9c\u00e8s de Me Abdallah Boubaker, un des t\u00e9nors du barreau de Tunis. Pendant toute sa carri\u00e8re, il aura \u00e9t\u00e9 un exemple de droiture et d&rsquo;int\u00e9grit\u00e9 pour la profession. Paix \u00e0 son \u00e2me.<\/p>\n<\/div>\n<p>Auteur:<br \/>\n<a href=\"https:\/\/www.leaders.com.tn\/article\/27262-deces-de-me-abdallah-boubaker\">Cliquez ici pour lire l&rsquo;article depuis sa source.<\/a><\/p>\n","protected":false},"excerpt":{"rendered":"<p>Nous venons d\u2019apprendre le d\u00e9c\u00e8s de Me Abdallah Boubaker, un des t\u00e9nors du barreau de Tunis. Pendant toute sa carri\u00e8re, il aura \u00e9t\u00e9 un exemple de droiture et d&rsquo;int\u00e9grit\u00e9 pour la profession. Paix \u00e0 son \u00e2me. Auteur: Cliquez ici pour lire l&rsquo;article depuis sa source.<\/p>\n","protected":false},"author":1772,"featured_media":39897,"comment_status":"closed","ping_status":"closed","sticky":false,"template":"","format":"standard","meta":{"fifu_image_url":"","fifu_image_alt":"","footnotes":""},"categories":[73,55],"tags":[],"class_list":["post-39896","post","type-post","status-publish","format-standard","has-post-thumbnail","hentry","category-actualite","category-tunisie"],"_links":{"self":[{"href":"https:\/\/linitiative.ca\/International\/wp-json\/wp\/v2\/posts\/39896","targetHints":{"allow":["GET"]}}],"collection":[{"href":"https:\/\/linitiative.ca\/International\/wp-json\/wp\/v2\/posts"}],"about":[{"href":"https:\/\/linitiative.ca\/International\/wp-json\/wp\/v2\/types\/post"}],"author":[{"embeddable":true,"href":"https:\/\/linitiative.ca\/International\/wp-json\/wp\/v2\/users\/1772"}],"replies":[{"embeddable":true,"href":"https:\/\/linitiative.ca\/International\/wp-json\/wp\/v2\/comments?post=39896"}],"version-history":[{"count":0,"href":"https:\/\/linitiative.ca\/International\/wp-json\/wp\/v2\/posts\/39896\/revisions"}],"wp:featuredmedia":[{"embeddable":true,"href":"https:\/\/linitiative.ca\/International\/wp-json\/"}],"wp:attachment":[{"href":"https:\/\/linitiative.ca\/International\/wp-json\/wp\/v2\/media?parent=39896"}],"wp:term":[{"taxonomy":"category","embeddable":true,"href":"https:\/\/linitiative.ca\/International\/wp-json\/wp\/v2\/categories?post=39896"},{"taxonomy":"post_tag","embeddable":true,"href":"https:\/\/linitiative.ca\/International\/wp-json\/wp\/v2\/tags?post=39896"}],"curies":[{"name":"wp","href":"https:\/\/api.w.org\/{rel}","templated":true}]}}