{"id":39900,"date":"2019-06-10T12:10:41","date_gmt":"2019-06-10T16:10:41","guid":{"rendered":"https:\/\/linitiative.ca\/International\/service-militaire-133-820-personnes-ont-rempli-le-formulaire-de-recensement\/"},"modified":"2019-06-10T12:10:41","modified_gmt":"2019-06-10T16:10:41","slug":"service-militaire-133-820-personnes-ont-rempli-le-formulaire-de-recensement","status":"publish","type":"post","link":"https:\/\/linitiative.ca\/International\/service-militaire-133-820-personnes-ont-rempli-le-formulaire-de-recensement\/","title":{"rendered":"Service militaire : 133.820 personnes ont rempli le formulaire de recensement"},"content":{"rendered":"<p>Au terme de l\u2019op\u00e9ration de recensement relatif au service militaire qui s\u2019est d\u00e9roul\u00e9e entre le 9 avril et le 07 juin 2019, le ministre de l\u2019Int\u00e9rieur annonce qu\u2019un total de 133.820 personnes ont rempli le formulaire de recensement dont 13.614 jeunes femmes (10,17 pc) qui l\u2019ont fait d\u2019une mani\u00e8re volontaire pour effectuer ce service.<\/p>\n<div class=\"c10\"\/>\n<p>Les commissions provinciales tiendront des r\u00e9unions, \u00e0 partir du lundi 17 juin 2019, dans chaque pr\u00e9fecture, province et pr\u00e9fecture d\u2019arrondissement, pour arr\u00eater la liste des personnes recens\u00e9es durant la p\u00e9riode pr\u00e9cit\u00e9e et qui sont susceptibles d\u2019\u00eatre convoqu\u00e9es pour accomplir le service militaire, ajoute le ministre dans un communiqu\u00e9.<\/p>\n<p>Par ailleurs, et face \u00e0 la forte adh\u00e9sion des jeunes \u00e0 l\u2019op\u00e9ration de recensement, la Commission centrale tiendra une r\u00e9union avant la fin du mois de juin, pour fixer des crit\u00e8res pr\u00e9cis, en total respect du principe d\u2019\u00e9quit\u00e9 entre les citoyens et de l\u2019\u00e9quilibre entre les r\u00e9gions, en vue de composer le groupe des appel\u00e9s au service militaire au titre de l\u2019ann\u00e9e 2019, souligne-t-on de m\u00eame source.<\/p>\n<div class=\"c17\">\n<fieldset class=\"c16\">\n<legend><strong><span class=\"c11\">Challenge<\/span><span class=\"c12\">news<\/span><\/strong><\/legend>\n<div class=\"c15\">Le meilleur de la r\u00e9daction s\u00e9lectionn\u00e9 par Challenge :<\/p>\n<\/div>\n<\/fieldset>\n<\/div>\n<p>Auteur: challenge<br \/>\n<a href=\"https:\/\/www.challenge.ma\/service-militaire-133-820-personnes-ont-rempli-le-formulaire-de-recensement-110476\/\">Cliquez ici pour lire l&rsquo;article depuis sa source.<\/a><\/p>\n","protected":false},"excerpt":{"rendered":"<p>Au terme de l\u2019op\u00e9ration de recensement relatif au service militaire qui s\u2019est d\u00e9roul\u00e9e entre le 9 avril et le 07 juin 2019, le ministre de l\u2019Int\u00e9rieur annonce qu\u2019un total de 133.820 personnes ont rempli le formulaire de recensement dont 13.614 jeunes femmes (10,17 pc) qui l\u2019ont fait d\u2019une mani\u00e8re volontaire pour effectuer ce service. Les [&hellip;]<\/p>\n","protected":false},"author":1787,"featured_media":0,"comment_status":"closed","ping_status":"closed","sticky":false,"template":"","format":"standard","meta":{"fifu_image_url":"","fifu_image_alt":"","footnotes":""},"categories":[78,54],"tags":[],"class_list":["post-39900","post","type-post","status-publish","format-standard","hentry","category-economie","category-maroc"],"_links":{"self":[{"href":"https:\/\/linitiative.ca\/International\/wp-json\/wp\/v2\/posts\/39900","targetHints":{"allow":["GET"]}}],"collection":[{"href":"https:\/\/linitiative.ca\/International\/wp-json\/wp\/v2\/posts"}],"about":[{"href":"https:\/\/linitiative.ca\/International\/wp-json\/wp\/v2\/types\/post"}],"author":[{"embeddable":true,"href":"https:\/\/linitiative.ca\/International\/wp-json\/wp\/v2\/users\/1787"}],"replies":[{"embeddable":true,"href":"https:\/\/linitiative.ca\/International\/wp-json\/wp\/v2\/comments?post=39900"}],"version-history":[{"count":0,"href":"https:\/\/linitiative.ca\/International\/wp-json\/wp\/v2\/posts\/39900\/revisions"}],"wp:attachment":[{"href":"https:\/\/linitiative.ca\/International\/wp-json\/wp\/v2\/media?parent=39900"}],"wp:term":[{"taxonomy":"category","embeddable":true,"href":"https:\/\/linitiative.ca\/International\/wp-json\/wp\/v2\/categories?post=39900"},{"taxonomy":"post_tag","embeddable":true,"href":"https:\/\/linitiative.ca\/International\/wp-json\/wp\/v2\/tags?post=39900"}],"curies":[{"name":"wp","href":"https:\/\/api.w.org\/{rel}","templated":true}]}}