{"id":39901,"date":"2019-06-10T17:10:11","date_gmt":"2019-06-10T21:10:11","guid":{"rendered":"https:\/\/linitiative.ca\/International\/par-hatem-boulabiar-fessee-electorale\/"},"modified":"2019-06-10T17:10:11","modified_gmt":"2019-06-10T21:10:11","slug":"par-hatem-boulabiar-fessee-electorale","status":"publish","type":"post","link":"https:\/\/linitiative.ca\/International\/par-hatem-boulabiar-fessee-electorale\/","title":{"rendered":"Par Hatem Boulabiar : Fess\u00e9e \u00c9lectorale"},"content":{"rendered":"<div class=\"post-cont-in left relative\">\n<div class=\"swp_social_panel swp_horizontal_panel swp_flat_fresh swp_default_full_color swp_individual_full_color swp_other_full_color scale-100 scale-\" data-min-width=\"1100\" data-float-color=\"#ffffff\" data-float=\"none\" data-float-mobile=\"none\" data-transition=\"slide\">\n<div class=\"nc_tweetContainer swp_share_button total_shares total_sharesalt\"><span class=\"swp_count\">1 <span class=\"swp_label\">Partages<\/span><\/span><\/div>\n<\/div>\n<p><em><strong>Hatem Boulabiar, homme d\u2019affaires et membre conseiller des affaires \u00e9conomiques du Majlis Choura d\u2019Ennahdha, connu pour son franc parler a r\u00e9agi, \u00e0 travers un post sur sa page Facebook, par rapport aux derniers chiffres communiqu\u00e9s par l\u2019INS :<\/strong><\/em><\/p>\n<p>L\u2019INS vient de sortir les chiffres de l\u2019inflation pour le mois de mai. \u00c7a repart \u00e0 la hausse \u00e0 7,0%.<br \/>Je rappelle que cette inflation est une moyenne tr\u00e8s grossi\u00e8re. L\u2019inflation r\u00e9elle et per\u00e7ue d\u00e9pend de chaque cat\u00e9gorie socio-professionnelle.<br \/>Sachant que le tiers (exactement 37,1%) de la population vit avec moins de 400 dinars par mois, cette cat\u00e9gorie (CSP D) per\u00e7oit (et ce n\u2019est pas que de la perception car c\u2019est r\u00e9el) une inflation sup\u00e9rieure \u00e0 10%.<br \/>Les d\u00e9penses mensuelles pour cette cat\u00e9gorie sont domin\u00e9es par les produits alimentaires. Or ces produits augmentent \u00e0 deux chiffres. Exemple, les prix des \u0153ufs ont augment\u00e9 de 26,6%, des l\u00e9gumes frais de 15,8%, des produits laitiers de 10,4%, l\u2019agneau de 16,7%, la viande bovine 12,6..<br \/>D\u2019o\u00f9 l\u2019aspect tr\u00e8s injuste socialement de cette inflation qui est plus dure pour les pauvres et plus docile pour les moins d\u00e9munis.<br \/>Exemple pour cette derni\u00e8re cat\u00e9gorie o\u00f9 l\u2019alimentaire n\u2019est pas dominant dans leurs d\u00e9penses, la rubrique sant\u00e9 n\u2019augmente que de 4%. Le logement que de 5% et les t\u00e9l\u00e9communication 0%.<\/p>\n<div class=\"code-block code-block-1 c3\"><ins class=\"adsbygoogle c2\" data-ad-layout=\"in-article\" data-ad-format=\"fluid\" data-ad-client=\"ca-pub-2102118777505746\" data-ad-slot=\"7301775417\"\/> <\/div>\n<p>Enfin, dans 3 mois des \u00e9lections g\u00e9n\u00e9rales auront lieu en Tunisie. D\u2019apr\u00e8s les donn\u00e9es de l\u2019Isie, cette cat\u00e9gorie (CSP D) a d\u00e9cid\u00e9 de participer \u00e0 ce scrutin en s\u2019inscrivant massivement. Elle compte infliger une fess\u00e9e \u00e9lectorale aux responsables de cette injustice sociale.<\/p>\n<p><img loading=\"lazy\" decoding=\"async\" class=\"size-full wp-image-440168 aligncenter\" src=\"https:\/\/www.tunisienumerique.com\/wp-content\/uploads\/2019\/06\/Inflation-en-Tunisie.jpg\" alt=\"\" width=\"325\" height=\"377\"\/><img loading=\"lazy\" decoding=\"async\" class=\"aligncenter size-full wp-image-440169\" src=\"https:\/\/www.tunisienumerique.com\/wp-content\/uploads\/2019\/06\/revenues-foyers.jpg\" alt=\"\" width=\"355\" height=\"430\"\/><\/p>\n<div class=\"mvp-org-wrap mvp-org-logo\" itemprop=\"publisher\" itemscope=\"\" itemtype=\"https:\/\/schema.org\/Organization\"><img decoding=\"async\" src=\"https:\/\/www.tunisienumerique.com\/wp-content\/uploads\/2017\/02\/logo_tunisie_numerique.png\"\/><\/div>\n<div class=\"swp_social_panel swp_horizontal_panel swp_flat_fresh swp_default_full_color swp_individual_full_color swp_other_full_color scale-100 scale-\" data-min-width=\"1100\" data-float-color=\"#ffffff\" data-float=\"none\" data-float-mobile=\"none\" data-transition=\"slide\">\n<div class=\"nc_tweetContainer swp_share_button total_shares total_sharesalt\"><span class=\"swp_count\">1 <span class=\"swp_label\">Partages<\/span><\/span><\/div>\n<\/div>\n<div class=\"mvp-related-posts left relative\">\n<h4 class=\"post-header\"><span class=\"post-header\">Lire aussi<\/span><\/h4>\n<\/div>\n<\/div>\n<p>Auteur: Tunisie Num\u00e9rique<br \/>\n<a href=\"https:\/\/www.tunisienumerique.com\/par-hatem-boulabiar-fessee-electorale\/\">Cliquez ici pour lire l&rsquo;article depuis sa source.<\/a><\/p>\n","protected":false},"excerpt":{"rendered":"<p>1 Partages Hatem Boulabiar, homme d\u2019affaires et membre conseiller des affaires \u00e9conomiques du Majlis Choura d\u2019Ennahdha, connu pour son franc parler a r\u00e9agi, \u00e0 travers un post sur sa page Facebook, par rapport aux derniers chiffres communiqu\u00e9s par l\u2019INS : L\u2019INS vient de sortir les chiffres de l\u2019inflation pour le mois de mai. \u00c7a repart [&hellip;]<\/p>\n","protected":false},"author":1789,"featured_media":39902,"comment_status":"closed","ping_status":"closed","sticky":false,"template":"","format":"standard","meta":{"fifu_image_url":"","fifu_image_alt":"","footnotes":""},"categories":[73,55],"tags":[],"class_list":["post-39901","post","type-post","status-publish","format-standard","has-post-thumbnail","hentry","category-actualite","category-tunisie"],"_links":{"self":[{"href":"https:\/\/linitiative.ca\/International\/wp-json\/wp\/v2\/posts\/39901","targetHints":{"allow":["GET"]}}],"collection":[{"href":"https:\/\/linitiative.ca\/International\/wp-json\/wp\/v2\/posts"}],"about":[{"href":"https:\/\/linitiative.ca\/International\/wp-json\/wp\/v2\/types\/post"}],"author":[{"embeddable":true,"href":"https:\/\/linitiative.ca\/International\/wp-json\/wp\/v2\/users\/1789"}],"replies":[{"embeddable":true,"href":"https:\/\/linitiative.ca\/International\/wp-json\/wp\/v2\/comments?post=39901"}],"version-history":[{"count":0,"href":"https:\/\/linitiative.ca\/International\/wp-json\/wp\/v2\/posts\/39901\/revisions"}],"wp:featuredmedia":[{"embeddable":true,"href":"https:\/\/linitiative.ca\/International\/wp-json\/"}],"wp:attachment":[{"href":"https:\/\/linitiative.ca\/International\/wp-json\/wp\/v2\/media?parent=39901"}],"wp:term":[{"taxonomy":"category","embeddable":true,"href":"https:\/\/linitiative.ca\/International\/wp-json\/wp\/v2\/categories?post=39901"},{"taxonomy":"post_tag","embeddable":true,"href":"https:\/\/linitiative.ca\/International\/wp-json\/wp\/v2\/tags?post=39901"}],"curies":[{"name":"wp","href":"https:\/\/api.w.org\/{rel}","templated":true}]}}