{"id":39903,"date":"2019-06-10T16:38:49","date_gmt":"2019-06-10T20:38:49","guid":{"rendered":"https:\/\/linitiative.ca\/International\/appels-et-mises-en-garde-contre-un-troisieme-mandat-de-conde\/"},"modified":"2019-06-10T16:38:49","modified_gmt":"2019-06-10T20:38:49","slug":"appels-et-mises-en-garde-contre-un-troisieme-mandat-de-conde","status":"publish","type":"post","link":"https:\/\/linitiative.ca\/International\/appels-et-mises-en-garde-contre-un-troisieme-mandat-de-conde\/","title":{"rendered":"APPELS ET MISES EN GARDE CONTRE UN TROISIEME MANDAT DE CONDE"},"content":{"rendered":"<div class=\"stream-item stream-item-above-post-content\">\n<p><noscript><\/p>\n<p><a href=\"\/\/www3.smartadserver.com\/ac?jump=1&#038;nwid=2136&#038;siteid=240610&#038;pgname=rg&#038;fmtid=49046&#038;visit=m&#038;tmstp=[timestamp]&#038;out=nonrich\" target=\"_blank\" rel=\"noopener noreferrer\"><img decoding=\"async\" src=\"\/\/www3.smartadserver.com\/ac?out=nonrich&#038;nwid=2136&#038;siteid=240610&#038;pgname=rg&#038;fmtid=49046&#038;visit=m&#038;tmstp=[timestamp]\" border=\"0\" alt=\"\"\/><\/a><\/p>\n<p><\/noscript><\/div>\n<p class=\"c3\"><em>Le d\u00e9bat sur une \u00e9ventuelle modification de la Constitution fait rage en Guin\u00e9e. En effet, alors que le gouvernement se dit favorable, l\u2019opposition et la soci\u00e9t\u00e9 civile s\u2019y opposent, tant et si bien que chaque jour qui passe, le ton ne fait que monter.<\/em><em>Le moins que l\u2019on puisse dire, c\u2019est que la Guin\u00e9e danse sur un volcan qui menace d\u2019entrer en \u00e9ruption \u00e0 tout moment, avec l\u2019intensification du d\u00e9bat autour de la question du troisi\u00e8me mandat du pr\u00e9sident Cond\u00e9. En effet, pendant que des sir\u00e8nes r\u00e9visionnistes et pas des moindres se font de plus en plus entendre au sein des partisans du chef de l\u2019Etat, du c\u00f4t\u00e9 de l\u2019opposition politique, on se pr\u00e9pare pour faire barrage aux vell\u00e9it\u00e9s du Professeur de prolonger son bail au palais S\u00e9koutour\u00e9ya. Pendant ce temps, l\u2019int\u00e9ress\u00e9 lui-m\u00eame reste muet comme une carpe sur la question, quand il n\u2019entretient pas un flou artistique sur ses intentions ou ne pousse pas ses partisans \u00e0 la confrontation avec le camp adverse. C\u2019est \u00e0 croire que le chef de l\u2019Etat guin\u00e9en fait preuve d\u2019amn\u00e9sie au point de pas tirer le\u00e7on de ce qui est arriv\u00e9, sur le continent, \u00e0 certains de ses pairs qui ont succomb\u00e9 \u00e0 la tentation du troisi\u00e8me mandat ou se sont essay\u00e9s \u00e0 l\u2019exercice du tripatouillage constitutionnel pour se maintenir au pouvoir.<\/em><\/p>\n<p><strong>En entretenant le flou sur ses intentions, tout porte \u00e0 croire que le ma\u00eetre de Conakry r\u00eave v\u00e9ritablement de ce fameux troisi\u00e8me mandat<\/strong><\/p>\n<p><em>Les exemples de Mamadou Tandja au Niger, Blaise Compaor\u00e9 au Burkina Faso et dans une moindre mesure d\u2019Abdoulaye Wade au S\u00e9n\u00e9gal, sont suffisamment \u00e9difiants. M\u00eame le Burundais Pierre Nkurunziza qui a r\u00e9ussi \u00e0 se maintenir en faisant payer un lourd tribut \u00e0 son peuple, y a laiss\u00e9 des plumes, avec le coup d\u2019Etat qui a failli l\u2019emporter. Aujourd\u2019hui encore, l\u2019on ne peut pas dire que l\u2019homme fort de Bujumbura s\u2019est compl\u00e8tement tir\u00e9 d\u2019affaire, avec les lourdes sanctions de la communaut\u00e9 internationale qui frappent son pays. Et que dire du Congolais Joseph Kabila, qui a us\u00e9 et abus\u00e9 de subterfuges de tous ordres pour s\u2019assurer une prolongation de mandat, mais qui a \u00e9t\u00e9 contraint de l\u00e2cher prise au terme d\u2019un long et \u00e9pique bras de fer avec son peuple\u00a0? Cela dit, Alpha Cond\u00e9 aurait tort de penser que \u00e7a n\u2019arrive qu\u2019aux autres. C\u2019est pourquoi l\u2019octog\u00e9naire pr\u00e9sident guin\u00e9en doit avoir la sagesse de renoncer \u00e0 ce p\u00e9rilleux projet de troisi\u00e8me mandat dont on lui pr\u00eate l\u2019intention, et qui tend \u00e0 se pr\u00e9ciser de jour en jour. Le projet peut certes \u00eatre l\u00e9gal mais d\u00e8s lors qu\u2019il divise les Guin\u00e9ens, il est ill\u00e9gitime. Autrement, qu\u2019est-ce qu\u2019il lui co\u00fbte au pr\u00e9sident Cond\u00e9 de clarifier la situation, \u00e0 l\u2019image du pr\u00e9sident nig\u00e9rien, Mahamadou Issoufou, pour \u00e9viter de maintenir inutilement le pays dans une situation de tension\u00a0sociopolitique qui est en train d\u2019atteindre des sommets ? Au contraire, en entretenant le flou sur ses intentions, tout porte \u00e0 croire que le ma\u00eetre de Conakry r\u00eave v\u00e9ritablement de ce fameux troisi\u00e8me mandat et est en qu\u00eate de moyens pour y parvenir. Si c\u2019est vraiment le cas, qu\u2019il sache que sa strat\u00e9gie est du d\u00e9j\u00e0 vu sur le continent.<\/em><br \/><em>En tout \u00e9tat de cause, si Alpha Cond\u00e9 s\u00e8me le vent de ce mandat querell\u00e9 en sautant le pas, il r\u00e9coltera sans nul doute la temp\u00eate d\u2019une vive contestation sociale, avec les cons\u00e9quences qui iront avec. Il lui appartient donc de savoir lire les signes des temps et surtout de prendre au s\u00e9rieux, les mises en gardes r\u00e9p\u00e9t\u00e9es de l\u2019opposition.<\/em><\/p>\n<p><strong>\u00ab\u00a0Le Pays\u00a0\u00bb<\/strong><\/p>\n<p>Auteur: Le Pays<br \/>\n<a href=\"http:\/\/lepays.bf\/appels-et-mises-en-garde-contre-un-troisieme-mandat-de-conde\/\">Cliquez ici pour lire l&rsquo;article depuis sa source.<\/a><\/p>\n","protected":false},"excerpt":{"rendered":"<p>Le d\u00e9bat sur une \u00e9ventuelle modification de la Constitution fait rage en Guin\u00e9e. En effet, alors que le gouvernement se dit favorable, l\u2019opposition et la soci\u00e9t\u00e9 civile s\u2019y opposent, tant et si bien que chaque jour qui passe, le ton ne fait que monter.Le moins que l\u2019on puisse dire, c\u2019est que la Guin\u00e9e danse sur [&hellip;]<\/p>\n","protected":false},"author":1813,"featured_media":0,"comment_status":"closed","ping_status":"closed","sticky":false,"template":"","format":"standard","meta":{"fifu_image_url":"","fifu_image_alt":"","footnotes":""},"categories":[73,81],"tags":[],"class_list":["post-39903","post","type-post","status-publish","format-standard","hentry","category-actualite","category-burkina-faso"],"_links":{"self":[{"href":"https:\/\/linitiative.ca\/International\/wp-json\/wp\/v2\/posts\/39903","targetHints":{"allow":["GET"]}}],"collection":[{"href":"https:\/\/linitiative.ca\/International\/wp-json\/wp\/v2\/posts"}],"about":[{"href":"https:\/\/linitiative.ca\/International\/wp-json\/wp\/v2\/types\/post"}],"author":[{"embeddable":true,"href":"https:\/\/linitiative.ca\/International\/wp-json\/wp\/v2\/users\/1813"}],"replies":[{"embeddable":true,"href":"https:\/\/linitiative.ca\/International\/wp-json\/wp\/v2\/comments?post=39903"}],"version-history":[{"count":0,"href":"https:\/\/linitiative.ca\/International\/wp-json\/wp\/v2\/posts\/39903\/revisions"}],"wp:attachment":[{"href":"https:\/\/linitiative.ca\/International\/wp-json\/wp\/v2\/media?parent=39903"}],"wp:term":[{"taxonomy":"category","embeddable":true,"href":"https:\/\/linitiative.ca\/International\/wp-json\/wp\/v2\/categories?post=39903"},{"taxonomy":"post_tag","embeddable":true,"href":"https:\/\/linitiative.ca\/International\/wp-json\/wp\/v2\/tags?post=39903"}],"curies":[{"name":"wp","href":"https:\/\/api.w.org\/{rel}","templated":true}]}}