{"id":39907,"date":"2019-06-10T15:18:12","date_gmt":"2019-06-10T19:18:12","guid":{"rendered":"https:\/\/linitiative.ca\/International\/le-cameroun-en-quete-de-50-a-100-milliards-fcfa-sur-le-marche-de-la-beac\/"},"modified":"2019-06-10T15:18:12","modified_gmt":"2019-06-10T19:18:12","slug":"le-cameroun-en-quete-de-50-a-100-milliards-fcfa-sur-le-marche-de-la-beac","status":"publish","type":"post","link":"https:\/\/linitiative.ca\/International\/le-cameroun-en-quete-de-50-a-100-milliards-fcfa-sur-le-marche-de-la-beac\/","title":{"rendered":"Le Cameroun en qu\u00eate de 50 \u00e0 100 milliards FCFA sur le march\u00e9 de la BEAC"},"content":{"rendered":"<div readability=\"32\">\n<p>Publi\u00e9 le 10.06.2019 \u00e0 20h18 par APA News<\/p>\n<\/div>\n<div readability=\"53\">\n<p>L\u2019Etat du Cameroun repartira ce mercredi sur le march\u00e9 de titres de la Banque des Etats de l\u2019Afrique centrale (BEAC) dans l\u2019objectif de lever entre 50 et 100 milliards de FCFA d\u2019Obligations du tr\u00e9sor assimilable (OTA), rapporte lundi la Banque centrale dans son agenda d\u2019\u00e9missions.L\u2019annonce d\u2019\u00e9mission du minist\u00e8re des Finances fait \u00e9tat de titres d\u00e9mat\u00e9rialis\u00e9s d\u2019une valeur minimale de 10000 FCFA la valeur unitaire dont la date d\u2019annonce et de souscription est pr\u00e9vue pour le 14 juin 2019.<\/p>\n<p>D\u2019une maturit\u00e9 de cinq ans, pour un taux d\u2019int\u00e9r\u00eat de 5,6 %, cette \u00e9mission rentre dans le cadre du programme gouvernemental visant \u00e0 lever 150 milliards de FCFA d\u2019Obligations du tr\u00e9sor pour le compte du deuxi\u00e8me trimestre de l\u2019ann\u00e9e.<\/p>\n<p>Sur la base de ce calendrier, trois \u00e9missions de 50 milliards de FCFA chacune ont \u00e9t\u00e9 programm\u00e9es et dont les investisseurs et dix-sept banques en activit\u00e9 au sein de la Communaut\u00e9 \u00e9conomique et mon\u00e9taire de l\u2019Afrique centrale (CEMAC) ont \u00e9t\u00e9 retenus en qualit\u00e9 de Sp\u00e9cialistes en valeur du tr\u00e9sor (SVT).<\/p>\n<p>Les fonds lev\u00e9s seront affect\u00e9s \u00e0 la r\u00e9alisation des projets de d\u00e9veloppement, dans plusieurs secteurs d\u2019activit\u00e9 dont beaucoup sont inscrits dans la loi de finances 2019.<\/p>\n<\/div>\n<p>Auteur: APA News<br \/>\n<a href=\"https:\/\/www.journalducameroun.com\/le-cameroun-en-quete-de-50-a-100-milliards-fcfa-sur-le-marche-de-la-beac\/\">Cliquez ici pour lire l&rsquo;article depuis sa source.<\/a><\/p>\n","protected":false},"excerpt":{"rendered":"<p>Publi\u00e9 le 10.06.2019 \u00e0 20h18 par APA News L\u2019Etat du Cameroun repartira ce mercredi sur le march\u00e9 de titres de la Banque des Etats de l\u2019Afrique centrale (BEAC) dans l\u2019objectif de lever entre 50 et 100 milliards de FCFA d\u2019Obligations du tr\u00e9sor assimilable (OTA), rapporte lundi la Banque centrale dans son agenda d\u2019\u00e9missions.L\u2019annonce d\u2019\u00e9mission du [&hellip;]<\/p>\n","protected":false},"author":1965,"featured_media":0,"comment_status":"closed","ping_status":"closed","sticky":false,"template":"","format":"standard","meta":{"fifu_image_url":"","fifu_image_alt":"","footnotes":""},"categories":[73,82],"tags":[],"class_list":["post-39907","post","type-post","status-publish","format-standard","hentry","category-actualite","category-cameroun"],"_links":{"self":[{"href":"https:\/\/linitiative.ca\/International\/wp-json\/wp\/v2\/posts\/39907","targetHints":{"allow":["GET"]}}],"collection":[{"href":"https:\/\/linitiative.ca\/International\/wp-json\/wp\/v2\/posts"}],"about":[{"href":"https:\/\/linitiative.ca\/International\/wp-json\/wp\/v2\/types\/post"}],"author":[{"embeddable":true,"href":"https:\/\/linitiative.ca\/International\/wp-json\/wp\/v2\/users\/1965"}],"replies":[{"embeddable":true,"href":"https:\/\/linitiative.ca\/International\/wp-json\/wp\/v2\/comments?post=39907"}],"version-history":[{"count":0,"href":"https:\/\/linitiative.ca\/International\/wp-json\/wp\/v2\/posts\/39907\/revisions"}],"wp:attachment":[{"href":"https:\/\/linitiative.ca\/International\/wp-json\/wp\/v2\/media?parent=39907"}],"wp:term":[{"taxonomy":"category","embeddable":true,"href":"https:\/\/linitiative.ca\/International\/wp-json\/wp\/v2\/categories?post=39907"},{"taxonomy":"post_tag","embeddable":true,"href":"https:\/\/linitiative.ca\/International\/wp-json\/wp\/v2\/tags?post=39907"}],"curies":[{"name":"wp","href":"https:\/\/api.w.org\/{rel}","templated":true}]}}