{"id":39908,"date":"2019-06-10T15:18:15","date_gmt":"2019-06-10T19:18:15","guid":{"rendered":"https:\/\/linitiative.ca\/International\/legere-degradation-du-climat-des-affaires-au-senegal\/"},"modified":"2019-06-10T15:18:15","modified_gmt":"2019-06-10T19:18:15","slug":"legere-degradation-du-climat-des-affaires-au-senegal","status":"publish","type":"post","link":"https:\/\/linitiative.ca\/International\/legere-degradation-du-climat-des-affaires-au-senegal\/","title":{"rendered":"L\u00e9g\u00e8re d\u00e9gradation du climat des affaires au S\u00e9n\u00e9gal"},"content":{"rendered":"<div readability=\"32\">\n<p>Publi\u00e9 le 10.06.2019 \u00e0 20h18 par APA News<\/p>\n<\/div>\n<div readability=\"54\">\n<p>Le climat des affaires s\u2019est d\u00e9grad\u00e9 de 0,8 point, en variation mensuelle au mois d\u2019avril 2019 compar\u00e9 au mois pr\u00e9c\u00e9dent, selon les donn\u00e9es de la Direction de la pr\u00e9vision et des \u00e9tudes \u00e9conomiques (DPEE).L\u2019indicateur synth\u00e9tique de ce climat des affaires, calcul\u00e9 sur la base des soldes d\u2019opinion des chefs d\u2019entreprises, s\u2019est \u00e9tabli \u00e0 98,3 points contre 99,1 points au mois de mars 2019.<\/p>\n<p>Il est rest\u00e9 en dessous de sa moyenne de long terme qui est de 100 points. \u00ab Cette situation refl\u00e8te les orientations d\u00e9favorables respectives de l\u2019opinion des entrepreneurs de BTP (b\u00e2timents et travaux publics), des prestataires de services et des commer\u00e7ants \u00bb, souligne la DPEE.<\/p>\n<p>Compar\u00e9 \u00e0 son niveau d\u2019avril 2018 o\u00f9 il s\u2019\u00e9tablissait \u00e0 96,9 points, l\u2019indicateur du climat des affaires au S\u00e9n\u00e9gal s\u2019est cependant bonifi\u00e9 de 1,4 point.<\/p>\n<\/div>\n<p>Auteur: APA News<br \/>\n<a href=\"https:\/\/www.journalducameroun.com\/legere-degradation-du-climat-des-affaires-au-senegal\/\">Cliquez ici pour lire l&rsquo;article depuis sa source.<\/a><\/p>\n","protected":false},"excerpt":{"rendered":"<p>Publi\u00e9 le 10.06.2019 \u00e0 20h18 par APA News Le climat des affaires s\u2019est d\u00e9grad\u00e9 de 0,8 point, en variation mensuelle au mois d\u2019avril 2019 compar\u00e9 au mois pr\u00e9c\u00e9dent, selon les donn\u00e9es de la Direction de la pr\u00e9vision et des \u00e9tudes \u00e9conomiques (DPEE).L\u2019indicateur synth\u00e9tique de ce climat des affaires, calcul\u00e9 sur la base des soldes d\u2019opinion [&hellip;]<\/p>\n","protected":false},"author":1965,"featured_media":0,"comment_status":"closed","ping_status":"closed","sticky":false,"template":"","format":"standard","meta":{"fifu_image_url":"","fifu_image_alt":"","footnotes":""},"categories":[73,82],"tags":[],"class_list":["post-39908","post","type-post","status-publish","format-standard","hentry","category-actualite","category-cameroun"],"_links":{"self":[{"href":"https:\/\/linitiative.ca\/International\/wp-json\/wp\/v2\/posts\/39908","targetHints":{"allow":["GET"]}}],"collection":[{"href":"https:\/\/linitiative.ca\/International\/wp-json\/wp\/v2\/posts"}],"about":[{"href":"https:\/\/linitiative.ca\/International\/wp-json\/wp\/v2\/types\/post"}],"author":[{"embeddable":true,"href":"https:\/\/linitiative.ca\/International\/wp-json\/wp\/v2\/users\/1965"}],"replies":[{"embeddable":true,"href":"https:\/\/linitiative.ca\/International\/wp-json\/wp\/v2\/comments?post=39908"}],"version-history":[{"count":0,"href":"https:\/\/linitiative.ca\/International\/wp-json\/wp\/v2\/posts\/39908\/revisions"}],"wp:attachment":[{"href":"https:\/\/linitiative.ca\/International\/wp-json\/wp\/v2\/media?parent=39908"}],"wp:term":[{"taxonomy":"category","embeddable":true,"href":"https:\/\/linitiative.ca\/International\/wp-json\/wp\/v2\/categories?post=39908"},{"taxonomy":"post_tag","embeddable":true,"href":"https:\/\/linitiative.ca\/International\/wp-json\/wp\/v2\/tags?post=39908"}],"curies":[{"name":"wp","href":"https:\/\/api.w.org\/{rel}","templated":true}]}}