{"id":39909,"date":"2019-06-10T15:18:19","date_gmt":"2019-06-10T19:18:19","guid":{"rendered":"https:\/\/linitiative.ca\/International\/football-ums-de-loum-sacree-championne-du-cameroun\/"},"modified":"2019-06-10T15:18:19","modified_gmt":"2019-06-10T19:18:19","slug":"football-ums-de-loum-sacree-championne-du-cameroun","status":"publish","type":"post","link":"https:\/\/linitiative.ca\/International\/football-ums-de-loum-sacree-championne-du-cameroun\/","title":{"rendered":"Football : UMS de Loum sacr\u00e9e championne du Cameroun"},"content":{"rendered":"<div readability=\"32\">\n<p>Publi\u00e9 le 10.06.2019 \u00e0 20h18 par APA News<\/p>\n<\/div>\n<div readability=\"55\">\n<p>L\u2019Union des mouvements sportifs de Loum (UMS) a remport\u00e9 le titre du championnat national d\u2019\u00e9lite du football du Cameroun pour le compte de la saison sportive 2018-2019, au terme de la derni\u00e8re journ\u00e9e des play-offs disput\u00e9e dimanche.Pour son sacre, UMS n\u2019a eu besoin que d\u2019un match nul blanc 0 \u00e0 0 d\u00e9croch\u00e9 aux d\u00e9pens de Coton sport de Garoua, son suivant imm\u00e9diat.<\/p>\n<p>Cette confrontation qui rentrait dans le cadre de la 4\u00e8 et derni\u00e8re journ\u00e9e des play-offs a permis \u00e0 l\u2019UMS d\u2019engranger 10 points contre huit pour son dauphin. Gr\u00e2ce \u00e0 ce sacre, le vainqueur de la coupe du Cameroun en 2017 renoue avec la comp\u00e9tition continentale et repr\u00e9sentera le Cameroun en ligue africaine des clubs.<\/p>\n<p>Il s\u2019agi du second titre pour l\u2019UMS de Loum apr\u00e8s celui de 2015, ce qui constitue une belle performance pour ce club qui n\u2019a pas encore dix ans d\u2019\u00e2ge.<\/p>\n<p>La F\u00e9d\u00e9ration camerounaise de football (FECAOOT) et la Ligue de football professionnel du Cameroun (LFPC) avaient opt\u00e9 pour un championnat en deux poules de 8 \u00e9quipes chacune pour rattraper le retard accus\u00e9 lors du d\u00e9marrage du championnat d\u2019\u00e9lite dont le coup d\u2019envoi a \u00e9t\u00e9 donn\u00e9 en mi-f\u00e9vrier 2019.<\/p>\n<p>Les deux premiers de chaque poule \u00e9taient qualifi\u00e9s pour les play-offs.<\/p>\n<\/div>\n<p>Auteur: APA News<br \/>\n<a href=\"https:\/\/www.journalducameroun.com\/football-ums-de-loum-sacree-championne-du-cameroun\/\">Cliquez ici pour lire l&rsquo;article depuis sa source.<\/a><\/p>\n","protected":false},"excerpt":{"rendered":"<p>Publi\u00e9 le 10.06.2019 \u00e0 20h18 par APA News L\u2019Union des mouvements sportifs de Loum (UMS) a remport\u00e9 le titre du championnat national d\u2019\u00e9lite du football du Cameroun pour le compte de la saison sportive 2018-2019, au terme de la derni\u00e8re journ\u00e9e des play-offs disput\u00e9e dimanche.Pour son sacre, UMS n\u2019a eu besoin que d\u2019un match nul [&hellip;]<\/p>\n","protected":false},"author":1965,"featured_media":0,"comment_status":"closed","ping_status":"closed","sticky":false,"template":"","format":"standard","meta":{"fifu_image_url":"","fifu_image_alt":"","footnotes":""},"categories":[73,82],"tags":[],"class_list":["post-39909","post","type-post","status-publish","format-standard","hentry","category-actualite","category-cameroun"],"_links":{"self":[{"href":"https:\/\/linitiative.ca\/International\/wp-json\/wp\/v2\/posts\/39909","targetHints":{"allow":["GET"]}}],"collection":[{"href":"https:\/\/linitiative.ca\/International\/wp-json\/wp\/v2\/posts"}],"about":[{"href":"https:\/\/linitiative.ca\/International\/wp-json\/wp\/v2\/types\/post"}],"author":[{"embeddable":true,"href":"https:\/\/linitiative.ca\/International\/wp-json\/wp\/v2\/users\/1965"}],"replies":[{"embeddable":true,"href":"https:\/\/linitiative.ca\/International\/wp-json\/wp\/v2\/comments?post=39909"}],"version-history":[{"count":0,"href":"https:\/\/linitiative.ca\/International\/wp-json\/wp\/v2\/posts\/39909\/revisions"}],"wp:attachment":[{"href":"https:\/\/linitiative.ca\/International\/wp-json\/wp\/v2\/media?parent=39909"}],"wp:term":[{"taxonomy":"category","embeddable":true,"href":"https:\/\/linitiative.ca\/International\/wp-json\/wp\/v2\/categories?post=39909"},{"taxonomy":"post_tag","embeddable":true,"href":"https:\/\/linitiative.ca\/International\/wp-json\/wp\/v2\/tags?post=39909"}],"curies":[{"name":"wp","href":"https:\/\/api.w.org\/{rel}","templated":true}]}}