{"id":39912,"date":"2019-06-10T16:18:04","date_gmt":"2019-06-10T20:18:04","guid":{"rendered":"https:\/\/linitiative.ca\/International\/les-deputes-ivoiriens-et-senegalais-creent-un-groupe-damitie-parlementaire\/"},"modified":"2019-06-10T16:18:04","modified_gmt":"2019-06-10T20:18:04","slug":"les-deputes-ivoiriens-et-senegalais-creent-un-groupe-damitie-parlementaire","status":"publish","type":"post","link":"https:\/\/linitiative.ca\/International\/les-deputes-ivoiriens-et-senegalais-creent-un-groupe-damitie-parlementaire\/","title":{"rendered":"Les d\u00e9put\u00e9s ivoiriens et s\u00e9n\u00e9galais cr\u00e9ent un groupe d\u2019Amiti\u00e9 parlementaire"},"content":{"rendered":"<div readability=\"32\">\n<p>Publi\u00e9 le 10.06.2019 \u00e0 21h18 par APA News<\/p>\n<\/div>\n<div readability=\"86\">\n<p>La visite de travail et d\u2019amiti\u00e9 effectu\u00e9e au S\u00e9n\u00e9gal du 6 au 9 juin par le pr\u00e9sident de l\u2019Assembl\u00e9e nationale de C\u00f4te d\u2019Ivoire, Amadou Soumahoro, a pris fin par la signature avec son homologue s\u00e9n\u00e9galais, Moustapha Niasse, d\u2019un communiqu\u00e9 final, faisant \u00e9tat notamment de la cr\u00e9ation d\u2019un groupe d\u2019Amiti\u00e9 parlementaire entre les deux pays.Gr\u00e2ce \u00e0 ce cadre, souligne le communiqu\u00e9 final re\u00e7u lundi \u00e0 APA, des groupes de travail paritaires se r\u00e9uniront plus r\u00e9guli\u00e8rement \u00e0 Abidjan et \u00e0 Dakar en vue de booster la coop\u00e9ration entre les d\u00e9put\u00e9s ivoiriens et s\u00e9n\u00e9galais.<\/p>\n<p>Ainsi, il est pr\u00e9vu \u00ab le renforcement des capacit\u00e9s des d\u00e9put\u00e9s des deux Assembl\u00e9es par des programmes conjoints de formation touchant diverses questions techniques \u00bb, \u00ab l\u2019\u00e9change d\u2019exp\u00e9rience et d\u2019expertise sur les meilleures pratiques, en mati\u00e8re de contr\u00f4le de l\u2019action gouvernementale et d\u2019\u00e9valuation des politiques publiques \u00bb, indique le communiqu\u00e9 final.<\/p>\n<p>Il fait \u00e9tat d\u2019autres axes de coop\u00e9ration comme \u00ab la lutte contre l\u2019extr\u00e9misme violent et le terrorisme, \u00e0 travers un programme soutenu de sensibilisation et de mobilisation des populations \u00bb, \u00ab le combat contre les trafics et l\u2019utilisation de stup\u00e9fiants \u00bb et \u00ab la lutte contre l\u2019\u00e9migration clandestine, avec son corollaire de traite des \u00eatres humains \u00bb.<\/p>\n<p>\u00ab L\u2019\u00e9ducation et la formation des citoyens sur les enjeux et d\u00e9fis d\u2019une d\u00e9mocratie ouverte et responsable, respectueuse des libert\u00e9s individuelles, et fond\u00e9e sur l\u2019Etat de droit \u00bb ainsi que \u00ab la promotion d\u2019\u00e9changes \u00e9quitables et de valorisation de nos mati\u00e8res premi\u00e8res \u00bb sont d\u2019autres axes de coop\u00e9ration mentionn\u00e9s dans le communiqu\u00e9 final qui ajoute que Moustapha Niasse et son h\u00f4te de renforcer, au plan multilat\u00e9ral \u00ab la coordination et la concertation entre \u00bb les parlements ivoirien et s\u00e9n\u00e9galais.<\/p>\n<p>Selon le communiqu\u00e9 final, l\u2019objectif vis\u00e9 est \u00ab d\u2019harmoniser leurs positions, lors des grandes rencontres internationales en Afrique et dans le monde notamment au sein de l\u2019Assembl\u00e9e parlementaire de la Francophonie (APF) et des autres Instances interparlementaires de l\u2019UEMOA, de la CEDEAO et de l\u2019Union Africaine \u00bb.<\/p>\n<p>\u00ab En mati\u00e8re s\u00e9curitaire, les deux Parties ont salu\u00e9 les efforts et initiatives entrepris par la Communaut\u00e9 internationale pour appuyer et accompagner l\u2019action des pays victimes ou menac\u00e9s par le Djihadisme et les actes terroristes, dans la r\u00e9gion du Sahel et l\u2019espace CEDEAO \u00bb, indique le communiqu\u00e9 final qui rel\u00e8ve enfin la volont\u00e9 des d\u00e9put\u00e9s ivoiriens et s\u00e9n\u00e9galais de \u00ab promouvoir, \u00e0 travers une campagne soutenue et concert\u00e9e, les valeurs de Tol\u00e9rance, de dialogue et de respect mutuel \u00bb.<\/p>\n<\/div>\n<p>Auteur: APA News<br \/>\n<a href=\"https:\/\/www.journalducameroun.com\/les-deputes-ivoiriens-et-senegalais-creent-un-groupe-damitie-parlementaire\/\">Cliquez ici pour lire l&rsquo;article depuis sa source.<\/a><\/p>\n","protected":false},"excerpt":{"rendered":"<p>Publi\u00e9 le 10.06.2019 \u00e0 21h18 par APA News La visite de travail et d\u2019amiti\u00e9 effectu\u00e9e au S\u00e9n\u00e9gal du 6 au 9 juin par le pr\u00e9sident de l\u2019Assembl\u00e9e nationale de C\u00f4te d\u2019Ivoire, Amadou Soumahoro, a pris fin par la signature avec son homologue s\u00e9n\u00e9galais, Moustapha Niasse, d\u2019un communiqu\u00e9 final, faisant \u00e9tat notamment de la cr\u00e9ation d\u2019un [&hellip;]<\/p>\n","protected":false},"author":1965,"featured_media":0,"comment_status":"closed","ping_status":"closed","sticky":false,"template":"","format":"standard","meta":{"fifu_image_url":"","fifu_image_alt":"","footnotes":""},"categories":[73,82],"tags":[],"class_list":["post-39912","post","type-post","status-publish","format-standard","hentry","category-actualite","category-cameroun"],"_links":{"self":[{"href":"https:\/\/linitiative.ca\/International\/wp-json\/wp\/v2\/posts\/39912","targetHints":{"allow":["GET"]}}],"collection":[{"href":"https:\/\/linitiative.ca\/International\/wp-json\/wp\/v2\/posts"}],"about":[{"href":"https:\/\/linitiative.ca\/International\/wp-json\/wp\/v2\/types\/post"}],"author":[{"embeddable":true,"href":"https:\/\/linitiative.ca\/International\/wp-json\/wp\/v2\/users\/1965"}],"replies":[{"embeddable":true,"href":"https:\/\/linitiative.ca\/International\/wp-json\/wp\/v2\/comments?post=39912"}],"version-history":[{"count":0,"href":"https:\/\/linitiative.ca\/International\/wp-json\/wp\/v2\/posts\/39912\/revisions"}],"wp:attachment":[{"href":"https:\/\/linitiative.ca\/International\/wp-json\/wp\/v2\/media?parent=39912"}],"wp:term":[{"taxonomy":"category","embeddable":true,"href":"https:\/\/linitiative.ca\/International\/wp-json\/wp\/v2\/categories?post=39912"},{"taxonomy":"post_tag","embeddable":true,"href":"https:\/\/linitiative.ca\/International\/wp-json\/wp\/v2\/tags?post=39912"}],"curies":[{"name":"wp","href":"https:\/\/api.w.org\/{rel}","templated":true}]}}