{"id":39913,"date":"2019-06-10T16:18:07","date_gmt":"2019-06-10T20:18:07","guid":{"rendered":"https:\/\/linitiative.ca\/International\/presidentielle-mauritanienne-ould-mouloud-met-sur-le-dos-de-letat-la-mauvaise-gestion-de-la-snim\/"},"modified":"2019-06-10T16:18:07","modified_gmt":"2019-06-10T20:18:07","slug":"presidentielle-mauritanienne-ould-mouloud-met-sur-le-dos-de-letat-la-mauvaise-gestion-de-la-snim","status":"publish","type":"post","link":"https:\/\/linitiative.ca\/International\/presidentielle-mauritanienne-ould-mouloud-met-sur-le-dos-de-letat-la-mauvaise-gestion-de-la-snim\/","title":{"rendered":"Pr\u00e9sidentielle mauritanienne : Ould Mouloud met sur le dos de l\u2019Etat la mauvaise gestion de la SNIM"},"content":{"rendered":"<div readability=\"32\">\n<p>Publi\u00e9 le 10.06.2019 \u00e0 21h18 par APA News<\/p>\n<\/div>\n<div readability=\"77\">\n<p>Mohamed Ould Mouloud, candidat \u00e0 l\u2019\u00e9lection pr\u00e9sidentielle en Mauritanie, s\u2019en est violemment pris \u00e0 la mani\u00e8re dont la Soci\u00e9t\u00e9 nationale industrielle et mini\u00e8re (SNIM) est g\u00e9r\u00e9e, accusant le r\u00e9gime d\u2019avoir \u00abd\u00e9truit\u00bb cette entreprise nationale qui exploite les minerais de fer de Zouerate, dans le nord du pays.S\u2019exprimant lors d\u2019un meeting \u00e9lectoral, dimanche soir \u00e0 Zouerate, il a martel\u00e9 que le pouvoir a gaspill\u00e9 les b\u00e9n\u00e9fices de la SNIM dans des projets n\u2019ayant rien \u00e0 voir avec l\u2019activit\u00e9 de l\u2019entreprise. Selon Mohamed Ould Mouloud, l\u2019Etat a viol\u00e9 les crit\u00e8res de comp\u00e9tence et de professionnalisme qui doivent \u00eatre de rigueur \u00e0 la SNIM en les rempla\u00e7ant par le client\u00e9lisme et la marginalisation des talents.<\/p>\n<p>Ainsi, l\u2019entreprise se trouve aujourd\u2019hui dans une \u00ab impasse r\u00e9elle \u00bb, a estim\u00e9 le candidat qui s\u2019est dit \u00e9tonn\u00e9 de l\u2019attitude manifest\u00e9e par l\u2019Etat face aux gr\u00e8ves des travailleurs de la SNIM. A ce propos, il a soutenu que l\u2019accord conclu avec les gr\u00e9vistes et pr\u00e9voyant un salaire suppl\u00e9mentaire n\u2019a pas \u00e9t\u00e9 respect\u00e9.<\/p>\n<p>Le candidat a par ailleurs qualifi\u00e9 de \u00ab perdante \u00bb la cession de la mine de F\u2019derick qui s\u2019est d\u00e9roul\u00e9e dans \u00ab des conditions opaques \u00bb, s\u2019engageant \u00e0 faire mener une enqu\u00eate \u00e0 ce sujet, s\u2019il est \u00e9lu, et \u00e0 r\u00e9silier la transaction en cas d\u2019ill\u00e9galit\u00e9.<\/p>\n<p>Au final, a-t-il conclu, le bilan du r\u00e9gime actuel se r\u00e9sume par la pauvret\u00e9, l\u2019ins\u00e9curit\u00e9 et le ch\u00f4mage qui a atteint, selon lui, un taux de 31%.<\/p>\n<p>Pr\u00e9vue le 22 juin prochain, l\u2019\u00e9lection pr\u00e9sidentielle mauritanienne mettra en lice ces six candidats : le g\u00e9n\u00e9ral Mohamed Ould Cheikh Mohamed Ahmed Ghazouani de l\u2019Union pour la r\u00e9publique (UPR, parti au pouvoir) et les opposants Sidi Mohamed Ould Boubacar, Biram Ould Dah Oul Abeid, le journaliste Kane Hamidou Baba, Mohamed Ould Mouloud, chef du parti de l\u2019Union des forces du progr\u00e8s (UFP, gauche) et Mohamed Lemine El-Mourteji El-Wavi.<\/p>\n<\/div>\n<p>Auteur: APA News<br \/>\n<a href=\"https:\/\/www.journalducameroun.com\/presidentielle-mauritanienne-ould-mouloud-met-sur-le-dos-de-letat-la-mauvaise-gestion-de-la-snim\/\">Cliquez ici pour lire l&rsquo;article depuis sa source.<\/a><\/p>\n","protected":false},"excerpt":{"rendered":"<p>Publi\u00e9 le 10.06.2019 \u00e0 21h18 par APA News Mohamed Ould Mouloud, candidat \u00e0 l\u2019\u00e9lection pr\u00e9sidentielle en Mauritanie, s\u2019en est violemment pris \u00e0 la mani\u00e8re dont la Soci\u00e9t\u00e9 nationale industrielle et mini\u00e8re (SNIM) est g\u00e9r\u00e9e, accusant le r\u00e9gime d\u2019avoir \u00abd\u00e9truit\u00bb cette entreprise nationale qui exploite les minerais de fer de Zouerate, dans le nord du pays.S\u2019exprimant [&hellip;]<\/p>\n","protected":false},"author":1965,"featured_media":0,"comment_status":"closed","ping_status":"closed","sticky":false,"template":"","format":"standard","meta":{"fifu_image_url":"","fifu_image_alt":"","footnotes":""},"categories":[73,82],"tags":[],"class_list":["post-39913","post","type-post","status-publish","format-standard","hentry","category-actualite","category-cameroun"],"_links":{"self":[{"href":"https:\/\/linitiative.ca\/International\/wp-json\/wp\/v2\/posts\/39913","targetHints":{"allow":["GET"]}}],"collection":[{"href":"https:\/\/linitiative.ca\/International\/wp-json\/wp\/v2\/posts"}],"about":[{"href":"https:\/\/linitiative.ca\/International\/wp-json\/wp\/v2\/types\/post"}],"author":[{"embeddable":true,"href":"https:\/\/linitiative.ca\/International\/wp-json\/wp\/v2\/users\/1965"}],"replies":[{"embeddable":true,"href":"https:\/\/linitiative.ca\/International\/wp-json\/wp\/v2\/comments?post=39913"}],"version-history":[{"count":0,"href":"https:\/\/linitiative.ca\/International\/wp-json\/wp\/v2\/posts\/39913\/revisions"}],"wp:attachment":[{"href":"https:\/\/linitiative.ca\/International\/wp-json\/wp\/v2\/media?parent=39913"}],"wp:term":[{"taxonomy":"category","embeddable":true,"href":"https:\/\/linitiative.ca\/International\/wp-json\/wp\/v2\/categories?post=39913"},{"taxonomy":"post_tag","embeddable":true,"href":"https:\/\/linitiative.ca\/International\/wp-json\/wp\/v2\/tags?post=39913"}],"curies":[{"name":"wp","href":"https:\/\/api.w.org\/{rel}","templated":true}]}}