{"id":39914,"date":"2019-06-10T16:50:01","date_gmt":"2019-06-10T20:50:01","guid":{"rendered":"https:\/\/linitiative.ca\/International\/mexique-nouvelles-menaces-de-trump-mexico-pret-a-revoir-le-droit-dasile\/"},"modified":"2019-06-10T16:50:01","modified_gmt":"2019-06-10T20:50:01","slug":"mexique-nouvelles-menaces-de-trump-mexico-pret-a-revoir-le-droit-dasile","status":"publish","type":"post","link":"https:\/\/linitiative.ca\/International\/mexique-nouvelles-menaces-de-trump-mexico-pret-a-revoir-le-droit-dasile\/","title":{"rendered":"Mexique: nouvelles menaces de Trump, Mexico pr\u00eat \u00e0 revoir le droit d\u2019asile"},"content":{"rendered":"<div readability=\"32\">\n<p>Publi\u00e9 le 10.06.2019 \u00e0 21h50 par AFP<\/p>\n<\/div>\n<div readability=\"149\">\n<p>Le Mexique, \u00e0 nouveau menac\u00e9 par le pr\u00e9sident am\u00e9ricain Donald Trump, a reconnu lundi qu\u2019une r\u00e9vision de l\u2019accord sur l\u2019immigration conclu avec Washington pourrait intervenir rapidement sur la question du droit d\u2019asile, si l\u2019afflux de clandestins vers les Etats-Unis ne se tarit pas.<\/p>\n<p>Vendredi, \u00e0 l\u2019issue de plusieurs jours de n\u00e9gociations, Washington et Mexico sont parvenus \u00e0 un accord sur l\u2019immigration, destin\u00e9 \u00e0 emp\u00eacher l\u2019application de droits de douane sur les produits mexicains import\u00e9s aux Etats-Unis.<\/p>\n<p>Mexico s\u2019est notamment engag\u00e9 \u00e0 renforcer les contr\u00f4les \u00e0 sa fronti\u00e8re avec le Guatemala, dans le sud du pays, et \u00e0 acc\u00e9l\u00e9rer le retour des migrants d\u2019Am\u00e9rique centrale vers leur pays, dans l\u2019attente que soient trait\u00e9es leurs demandes d\u2019asile aux Etats-Unis.<\/p>\n<p>Mais trois jours apr\u00e8s la conclusion de l\u2019accord, le pr\u00e9sident am\u00e9ricain a renouvel\u00e9 sa menace d\u2019appliquer des droits de douane si le Congr\u00e8s mexicain n\u2019approuvait pas une clause secr\u00e8te de l\u2019accord, dont il n\u2019a pas pr\u00e9cis\u00e9 la teneur. \u00ab\u00a0N\u2019anticipons pas un probl\u00e8me avec le vote, mais si pour une raison quelconque, cela n\u2019est pas approuv\u00e9, les droits de douane seront r\u00e9tablis\u00a0\u00bb, a tweet\u00e9 M. Trump.<\/p>\n<p>Le pr\u00e9sident am\u00e9ricain entendait ainsi r\u00e9pondre aux critiques du New York Times, qui a r\u00e9v\u00e9l\u00e9 vendredi que la plupart des mesures annonc\u00e9es par le Mexique dans l\u2019accord avaient d\u00e9j\u00e0 \u00e9t\u00e9 convenues lors de n\u00e9gociations ant\u00e9rieures. Peu apr\u00e8s, M. Trump a d\u00e9clar\u00e9 sur la cha\u00eene CNBC que cette clause secr\u00e8te \u00e9tait \u00ab\u00a0un outil tr\u00e8s puissant\u00a0\u00bb aux mains des Etats-Unis.<\/p>\n<p>Au milieu de ces sp\u00e9culations sur la teneur de l\u2019accord, le ministre des Affaires \u00e9trang\u00e8res mexicain, Marcelo Ebrard, a d\u00e9clar\u00e9 peu apr\u00e8s que Mexico avait refus\u00e9 que les migrants pr\u00e9sents sur le territoire mexicain et souhaitant demander l\u2019asile aux Etats-Unis le fassent depuis le Mexique.<\/p>\n<p>Mais il a reconnu que le gouvernement mexicain avait accept\u00e9 que cette question, qui n\u00e9cessiterait une approbation du Congr\u00e8s, revienne sur la table des n\u00e9gociations dans un d\u00e9lai de 45 jours si le flot des migrants ill\u00e9gaux traversant le Mexique pour se rendre \u00e0 la fronti\u00e8re am\u00e9ricaine n\u2019\u00e9tait pas frein\u00e9.<\/p>\n<p>\u00ab\u00a0Lors de la r\u00e9union avec le vice-pr\u00e9sident des Etats-Unis (Mike Pence), ils ont insist\u00e9\u00a0\u00bb sur cette question, a expliqu\u00e9 M. Ebrard en conf\u00e9rence de presse.<\/p>\n<p>\u00ab\u00a0Nous leur avons dit, et je pense que c\u2019\u00e9tait la plus grande r\u00e9ussite des n\u00e9gociations : prenons le temps de voir si ce que propose le Mexique fonctionne, et si non, nous discuterons pour voir si des mesures suppl\u00e9mentaires\u00a0\u00bb sont n\u00e9cessaires, a poursuivi le ministre.<\/p>\n<p>\u2013 \u00ab\u00a0Aussi t\u00f4t que possible\u00a0\u00bb \u2013<\/p>\n<p>Le pr\u00e9sident am\u00e9ricain, qui a fait de la lutte contre l\u2019immigration clandestine le fer de lance de sa pr\u00e9sidence, avait mis son voisin sous pression fin mai en mena\u00e7ant d\u2019imposer des taxes de 5% \u00e0 partir de lundi, et d\u2019augmenter ce taux de 5 points par mois pour qu\u2019il atteigne 25% en octobre.<\/p>\n<p>Selon la d\u00e9claration commune des deux pays, le Mexique s\u2019est engag\u00e9 \u00e0 prendre des \u00ab\u00a0mesures sans pr\u00e9c\u00e9dent\u00a0\u00bb, notamment le d\u00e9ploiement de sa Garde nationale, ainsi que des actions contre les r\u00e9seaux de passeurs, de transport et de financement de l\u2019immigration clandestine.<\/p>\n<p>\u00ab\u00a0Le Mexique va faire beaucoup d\u2019efforts, et s\u2019ils le font, cet accord sera un grand succ\u00e8s pour les Etats-Unis et le Mexique\u00a0\u00bb, s\u2019\u00e9tait f\u00e9licit\u00e9 le pr\u00e9sident am\u00e9ricain. \u00ab\u00a0Lundi il n\u2019y aura pas de droits de douane, pas de taxes, pas de crise \u00e9conomique ou financi\u00e8re dans notre pays\u00a0\u00bb, s\u2019\u00e9tait r\u00e9joui de son c\u00f4t\u00e9 son homologue mexicain.<\/p>\n<p>Parmi les mesures annonc\u00e9es par Mexico, figure le d\u00e9ploiement de 6.000 officiers de la Garde nationale mexicaine nouvellement cr\u00e9\u00e9e \u00e0 la fronti\u00e8re sud d\u00e8s lundi.<\/p>\n<p>M. Ebrard s\u2019est toutefois content\u00e9 d\u2019\u00e9voquer lundi un d\u00e9ploiement \u00ab\u00a0aussi t\u00f4t que possible\u00a0\u00bb.<\/p>\n<p>Dans la ville de Tapachula, \u00e0 la fronti\u00e8re avec le Guatemala, un des points d\u2019entr\u00e9e des caravanes de migrants, essentiellement originaires d\u2019Am\u00e9rique centrale, qui ont travers\u00e9 le Mexique ces derniers mois, aucun signe de d\u00e9ploiement militaire n\u2019\u00e9tait pour l\u2019heure visible, ont constat\u00e9 des journalistes de l\u2019AFP.<\/p>\n<p>Les arrestations d\u2019\u00e9trangers sur le territoire mexicain sont pass\u00e9es de 8.248 personnes en janvier \u00e0 23.679 en mai. Le grande majorit\u00e9 des personnes arr\u00eat\u00e9es sont de nationalit\u00e9 centram\u00e9ricaine, principalement hondurienne.<\/p>\n<\/div>\n<p>Auteur: AFP<br \/>\n<a href=\"https:\/\/www.journalducameroun.com\/mexique-nouvelles-menaces-de-trump-mexico-pret-a-revoir-le-droit-dasile\/\">Cliquez ici pour lire l&rsquo;article depuis sa source.<\/a><\/p>\n","protected":false},"excerpt":{"rendered":"<p>Publi\u00e9 le 10.06.2019 \u00e0 21h50 par AFP Le Mexique, \u00e0 nouveau menac\u00e9 par le pr\u00e9sident am\u00e9ricain Donald Trump, a reconnu lundi qu\u2019une r\u00e9vision de l\u2019accord sur l\u2019immigration conclu avec Washington pourrait intervenir rapidement sur la question du droit d\u2019asile, si l\u2019afflux de clandestins vers les Etats-Unis ne se tarit pas. Vendredi, \u00e0 l\u2019issue de plusieurs [&hellip;]<\/p>\n","protected":false},"author":1965,"featured_media":0,"comment_status":"closed","ping_status":"closed","sticky":false,"template":"","format":"standard","meta":{"fifu_image_url":"","fifu_image_alt":"","footnotes":""},"categories":[73,82],"tags":[],"class_list":["post-39914","post","type-post","status-publish","format-standard","hentry","category-actualite","category-cameroun"],"_links":{"self":[{"href":"https:\/\/linitiative.ca\/International\/wp-json\/wp\/v2\/posts\/39914","targetHints":{"allow":["GET"]}}],"collection":[{"href":"https:\/\/linitiative.ca\/International\/wp-json\/wp\/v2\/posts"}],"about":[{"href":"https:\/\/linitiative.ca\/International\/wp-json\/wp\/v2\/types\/post"}],"author":[{"embeddable":true,"href":"https:\/\/linitiative.ca\/International\/wp-json\/wp\/v2\/users\/1965"}],"replies":[{"embeddable":true,"href":"https:\/\/linitiative.ca\/International\/wp-json\/wp\/v2\/comments?post=39914"}],"version-history":[{"count":0,"href":"https:\/\/linitiative.ca\/International\/wp-json\/wp\/v2\/posts\/39914\/revisions"}],"wp:attachment":[{"href":"https:\/\/linitiative.ca\/International\/wp-json\/wp\/v2\/media?parent=39914"}],"wp:term":[{"taxonomy":"category","embeddable":true,"href":"https:\/\/linitiative.ca\/International\/wp-json\/wp\/v2\/categories?post=39914"},{"taxonomy":"post_tag","embeddable":true,"href":"https:\/\/linitiative.ca\/International\/wp-json\/wp\/v2\/tags?post=39914"}],"curies":[{"name":"wp","href":"https:\/\/api.w.org\/{rel}","templated":true}]}}