{"id":39915,"date":"2019-06-10T16:50:04","date_gmt":"2019-06-10T20:50:04","guid":{"rendered":"https:\/\/linitiative.ca\/International\/nicaragua-liberation-de-50-prisonniers-politiques-amnisties\/"},"modified":"2019-06-10T16:50:04","modified_gmt":"2019-06-10T20:50:04","slug":"nicaragua-liberation-de-50-prisonniers-politiques-amnisties","status":"publish","type":"post","link":"https:\/\/linitiative.ca\/International\/nicaragua-liberation-de-50-prisonniers-politiques-amnisties\/","title":{"rendered":"Nicaragua : lib\u00e9ration de 50 prisonniers politiques amnisti\u00e9s"},"content":{"rendered":"<div readability=\"32\">\n<p>Publi\u00e9 le 10.06.2019 \u00e0 21h50 par AFP<\/p>\n<\/div>\n<div readability=\"124\">\n<p>Quelque 50 prisonniers politiques ont \u00e9t\u00e9 lib\u00e9r\u00e9s lundi au Nicaragua, a annonc\u00e9 le gouvernement, en indiquant que ces lib\u00e9rations intervenaient en vertu d\u2019une loi d\u2019amnistie d\u00e9cri\u00e9e par l\u2019opposition, qui y voit une mani\u00e8re de couvrir les exactions des forces de r\u00e9pression.<\/p>\n<p>\u00ab\u00a0En application de la loi d\u2019amnistie approuv\u00e9e (samedi) par l\u2019Assembl\u00e9e nationale (\u2026) ont \u00e9t\u00e9 lib\u00e9r\u00e9es 50 personnes (d\u00e9tenues) pour d\u00e9lits contre la s\u00e9curit\u00e9 et la tranquillit\u00e9 publiques, et la lib\u00e9ration de prisonniers pour ces d\u00e9lits est en pr\u00e9paration\u00a0\u00bb, a annonc\u00e9 le gouvernement du pr\u00e9sident Daniel Ortega dans un communiqu\u00e9.<\/p>\n<p>Parmi les prisonniers lib\u00e9r\u00e9s figurent des personnalit\u00e9s de l\u2019opposition, comme les journalistes Marlon Powell et Hansel Vazquez.<\/p>\n<p>Les prisonniers lib\u00e9r\u00e9s font partie de plusieurs centaines d\u2019opposants arr\u00eat\u00e9s pour leur participation aux manifestations anti-gouvernementales du printemps et de l\u2019\u00e9t\u00e9 2018. Les manifestants, qui avaient commenc\u00e9 le 18 avril \u00e0 protester contre une r\u00e9forme de la s\u00e9curit\u00e9 sociale ensuite abandonn\u00e9e, avaient rapidement r\u00e9clam\u00e9 le d\u00e9part de Daniel Ortega, au pouvoir depuis 2007, et des \u00e9lections anticip\u00e9es.<\/p>\n<p>Les manifestations ont \u00e9t\u00e9 durement r\u00e9prim\u00e9es et les violences ont fait au moins 325 morts et 2.000 bless\u00e9s, pour leur \u00e9crasante majorit\u00e9 parmi les opposants, selon des organisations humanitaires. Selon les groupes d\u2019opposition, entre 600 et 800 opposants ont \u00e9t\u00e9 emprisonn\u00e9s et plus de 62.000 Nicaraguayens se sont exil\u00e9s.<\/p>\n<p>Le Parlement du Nicaragua, domin\u00e9 par les d\u00e9put\u00e9s favorables au pr\u00e9sident Ortega, a adopt\u00e9 samedi une loi d\u2019amnistie en faveur \u00e0 la fois des prisonniers politiques et des forces de r\u00e9pression.<\/p>\n<p>L\u2019opposition a d\u00e9nonc\u00e9 une amnistie qui \u00ab\u00a0a pour but de couvrir les crimes que (le gouvernement) a commis avec ses institutions, structures partisanes et paramilitaires\u00a0\u00bb. Sont en effet amnisti\u00e9s tous ceux qui ont \u00e9t\u00e9 l\u2019objet d\u2019enqu\u00eate ou qui peuvent l\u2019\u00eatre, y compris les membres des forces de police ou des groupes paramilitaires qui ont tir\u00e9 sur les manifestants anti-gouvernementaux ou ont commis des actes de torture ou de barbarie.<\/p>\n<p>Par ailleurs, la loi pr\u00e9voit que les prisonniers politiques lib\u00e9r\u00e9s doivent \u00ab\u00a0s\u2019abstenir\u00a0\u00bb de participer \u00e0 des manifestations d\u2019opposition.<\/p>\n<p>Avec les lib\u00e9rations de lundi, un total de 436 prisonniers politiques ont \u00e9t\u00e9 lib\u00e9r\u00e9s depuis le 27 f\u00e9vrier, lorsque des pourparlers ont \u00e9t\u00e9 engag\u00e9s entre le gouvernement et une d\u00e9l\u00e9gation de l\u2019opposition regroupant des repr\u00e9sentants des milieux d\u2019affaires et les organisations d\u2019\u00e9tudiants, de la paysannerie et de la soci\u00e9t\u00e9 civile. Jusqu\u2019\u00e0 lundi, il ne s\u2019agissait cependant que de mesures d\u2019assignation \u00e0 r\u00e9sidence.<\/p>\n<p>Le Comit\u00e9 international de la Croix Rouge (CICR) a indiqu\u00e9 dans un communiqu\u00e9 \u00ab\u00a0\u00eatre pr\u00eat \u00e0 faciliter la lib\u00e9ration\u00a0\u00bb des prisonniers politiques toujours d\u00e9tenus.<\/p>\n<p>Pour le journaliste amnisti\u00e9 Hansel Vazquez, \u00ab\u00a0il n\u2019y a pas de justice \u00e0 attendre de ce gouvernement\u00a0\u00bb. C\u2019est pourquoi, a-t-il dit \u00e0 l\u2019AFP, \u00ab\u00a0nous continuons \u00e0 soutenir de mani\u00e8re inconditionnelle le combat pour la justice et la v\u00e9rit\u00e9\u00a0\u00bb men\u00e9 par l\u2019opposition.<\/p>\n<p>Marlon Powell, l\u2019autre journaliste lib\u00e9r\u00e9 lundi, a indiqu\u00e9 \u00e0 l\u2019AFP que lors de sa lev\u00e9e d\u2019\u00e9crou il avait protest\u00e9 contre une loi d\u2019amnistie \u00ab\u00a0qui favorise des criminels, des pyromanes, des assassins d\u2019enfants\u00a0\u00bb, ce qui lui a valu d\u2019\u00eatre menac\u00e9 de voir sa lib\u00e9ration annul\u00e9e.<\/p>\n<p>Liliam Ruiz, dirigeante du Comit\u00e9 des familles de prisonniers politiques, a d\u00e9nonc\u00e9 des lib\u00e9rations en vertu d\u2019une loi d\u2019amnistie, car \u00ab\u00a0cela signifie une gr\u00e2ce alors qu\u2019il n\u2019y a rien \u00e0 pardonner, car (les prisonniers) n\u2019ont commis aucun d\u00e9lit\u00a0\u00bb.<\/p>\n<p>Les opposants accusent Daniel Ortega et son \u00e9pouse et vice-pr\u00e9sidente Rosario Murillo d\u2019avoir institu\u00e9 une dictature corrompue, tandis que ceux-ci assurent avoir d\u00e9jou\u00e9 un coup d\u2019\u00e9tat ourdi avec la complicit\u00e9 de l\u2019Eglise catholique et de Washington.<\/p>\n<\/div>\n<p>Auteur: AFP<br \/>\n<a href=\"https:\/\/www.journalducameroun.com\/nicaragua-liberation-de-50-prisonniers-politiques-amnisties\/\">Cliquez ici pour lire l&rsquo;article depuis sa source.<\/a><\/p>\n","protected":false},"excerpt":{"rendered":"<p>Publi\u00e9 le 10.06.2019 \u00e0 21h50 par AFP Quelque 50 prisonniers politiques ont \u00e9t\u00e9 lib\u00e9r\u00e9s lundi au Nicaragua, a annonc\u00e9 le gouvernement, en indiquant que ces lib\u00e9rations intervenaient en vertu d\u2019une loi d\u2019amnistie d\u00e9cri\u00e9e par l\u2019opposition, qui y voit une mani\u00e8re de couvrir les exactions des forces de r\u00e9pression. \u00ab\u00a0En application de la loi d\u2019amnistie approuv\u00e9e [&hellip;]<\/p>\n","protected":false},"author":1965,"featured_media":0,"comment_status":"closed","ping_status":"closed","sticky":false,"template":"","format":"standard","meta":{"fifu_image_url":"","fifu_image_alt":"","footnotes":""},"categories":[73,82],"tags":[],"class_list":["post-39915","post","type-post","status-publish","format-standard","hentry","category-actualite","category-cameroun"],"_links":{"self":[{"href":"https:\/\/linitiative.ca\/International\/wp-json\/wp\/v2\/posts\/39915","targetHints":{"allow":["GET"]}}],"collection":[{"href":"https:\/\/linitiative.ca\/International\/wp-json\/wp\/v2\/posts"}],"about":[{"href":"https:\/\/linitiative.ca\/International\/wp-json\/wp\/v2\/types\/post"}],"author":[{"embeddable":true,"href":"https:\/\/linitiative.ca\/International\/wp-json\/wp\/v2\/users\/1965"}],"replies":[{"embeddable":true,"href":"https:\/\/linitiative.ca\/International\/wp-json\/wp\/v2\/comments?post=39915"}],"version-history":[{"count":0,"href":"https:\/\/linitiative.ca\/International\/wp-json\/wp\/v2\/posts\/39915\/revisions"}],"wp:attachment":[{"href":"https:\/\/linitiative.ca\/International\/wp-json\/wp\/v2\/media?parent=39915"}],"wp:term":[{"taxonomy":"category","embeddable":true,"href":"https:\/\/linitiative.ca\/International\/wp-json\/wp\/v2\/categories?post=39915"},{"taxonomy":"post_tag","embeddable":true,"href":"https:\/\/linitiative.ca\/International\/wp-json\/wp\/v2\/tags?post=39915"}],"curies":[{"name":"wp","href":"https:\/\/api.w.org\/{rel}","templated":true}]}}