{"id":39935,"date":"2019-06-10T09:07:41","date_gmt":"2019-06-10T13:07:41","guid":{"rendered":"https:\/\/linitiative.ca\/International\/bicec-une-greve-sur-tout-le-reseau-national-paralyse-les-activites-de-la-banque\/"},"modified":"2019-06-10T09:07:41","modified_gmt":"2019-06-10T13:07:41","slug":"bicec-une-greve-sur-tout-le-reseau-national-paralyse-les-activites-de-la-banque","status":"publish","type":"post","link":"https:\/\/linitiative.ca\/International\/bicec-une-greve-sur-tout-le-reseau-national-paralyse-les-activites-de-la-banque\/","title":{"rendered":"Bicec : une gr\u00e8ve sur tout le r\u00e9seau national paralyse les activit\u00e9s de la banque"},"content":{"rendered":"<p>Service bloqu\u00e9 ce lundi 10 juin 2019 \u00e0 la Direction g\u00e9n\u00e9rale <strong>Bicec<\/strong> \u00e0 Douala. Le personnel de la Banque internationale du Cameroun pour l\u2019\u00e9pargne et le cr\u00e9dit observe en ce moment une cessation temporaire d\u2019activit\u00e9s. Elle concerne tous les r\u00e9seaux Bicec du Cameroun. Rendu \u00e0 l\u2019agence de Ndokoti, r\u00e9cemment ferm\u00e9e pour besoins d\u2019enqu\u00eate pour soup\u00e7ons de d\u00e9tournements de <strong>300.000.000 de FCFA<\/strong>, le personnel d\u2019agence, tout de noir v\u00eatu, est comme \u00e0 la Direction g\u00e9n\u00e9rale de Bonanjo, inactif.<\/p>\n<p>Motus et bouche cousue sur les motifs du d\u00e9brayage en cours. Le b\u00e2timent de la Direction g\u00e9n\u00e9rale Bicec et son emprise ont d\u2019ailleurs \u00e9t\u00e9 plac\u00e9s sous stricte surveillance. Inaccessible \u00e0 la presse. Toutefois, de bonnes sources contact\u00e9es r\u00e9v\u00e8lent les motifs de la gr\u00e8ve:\u00a0refus du Directeur g\u00e9n\u00e9ral de la Bicec d\u2019honorer l\u2019engagement pris au cours de la r\u00e9union tripartite du 21 d\u00e9cembre 2018, sur le paiement au personnel d\u2019une prime de de cession des parts de la <strong>Bpce<\/strong>, actionnaire majoritaire de la Bicec, \u00e0 la <strong>Bpc<\/strong>, le c\u00e9d\u00e9 marocain. La rencontre tripartite a rassembl\u00e9 le Minist\u00e8re du travail et de la s\u00e9curit\u00e9 sociale, la Direction g\u00e9n\u00e9rale et les repr\u00e9sentants du personnel. Ladite \u00a0prime de cession arr\u00eat\u00e9e consensuellement portait sur le d\u00e9caissement au profit de chaque employ\u00e9 de l\u2019\u00e9quivalent de 3 mois de salaires brut. Ces propositions ont d\u2019ailleurs \u00e9t\u00e9 r\u00e9cemment rappel\u00e9s par le\u00a0collectif syndical de la Bicec au Directeur g\u00e9n\u00e9ral dans une correspondance du 03 juin 2019.<\/p>\n<p>La Direction g\u00e9n\u00e9rale a tout simplement ignor\u00e9 les engagements contenus dans un protocole d\u2019accord \u00a0issu de la r\u00e9union tripartite. Une tentative de conciliation a d\u2019ailleurs \u00e9t\u00e9 effectu\u00e9e \u00a0lors \u00a0d\u2019une deuxi\u00e8me concertation tripartite, d\u00e9roul\u00e9e le 29 mai 2019. Tentative de conciliation au cours de laquelle le point sur l\u2019avanc\u00e9e des engagements consign\u00e9s dans un autre protocole d\u2019accord sign\u00e9 au mois de novembre 2018 sous l\u2019arbitrage de <strong>Gr\u00e9goire Owona<\/strong>, le Ministre du travail, devait \u00eatre effectu\u00e9. Il s\u2019agit entre autres de : l\u2019octroi d\u2019une prime de cession \u00a0aux employ\u00e9s, les retours des cr\u00e9dits au personnel, l\u2019optimisation salariale, les horaires de travail, le maintien des emplois etc\u2026.Le mouvement de gr\u00e8ve aura lieu en deux phases, renseigne un relai digne de foi au sein de cet \u00e9tablissement de cr\u00e9dit. Entam\u00e9e ce 10 juin 2019, la premi\u00e8re phase de ce d\u00e9brayage s\u2019\u00e9tendra jusqu\u2019au mercredi 12 juin 2019. Du 24 au 26 juin, pour la deuxi\u00e8me phase. L\u2019arr\u00eat du travail sera observ\u00e9 durant ces p\u00e9riodes entre 8h30 et 13h30 dans l\u2019ensemble du r\u00e9seau Bicec.<\/p>\n<p>A titre de rappel, les avocats <strong>Michel Janvier Woukeng<\/strong> et <strong>Guy-Alain Tougoua<\/strong> ont port\u00e9 plainte contre la Bicec le 11 octobre 2018 au tribunal de premi\u00e8re instance de Douala Bonanjo. Aux motifs que les dirigeants de la Bicec avaient engag\u00e9s un processus de cession de <strong>68,5%<\/strong> des parts d\u00e9tenus par la Bpce au sein de la Bicec, \u00ab<em>par n\u00e9gociations exclusives<\/em>\u00bb, \u00e0 la Bcp. Selon les experts, les enjeux de la transaction s\u2019\u00e9l\u00e8vent \u00e0 plus de <strong>800 milliards de FCFA<\/strong>. La Banque internationale du Cameroun pour l\u2019\u00e9pargne et le cr\u00e9dit dispose de pr\u00e8s de 400.000 clients au Cameroun. R\u00e9partis sur <strong>37 agences<\/strong>. Avec plus de <strong>700 employ\u00e9s<\/strong>, son actionnariat se divise entre la Bpce (<strong>68\u20195%<\/strong>), l\u2019Etat du Cameroun (<strong>17,5%)<\/strong> et divers porteurs (<strong>7,5%).<\/strong><\/p>\n<div class=\"about-author about-author-box container-wrapper\">\n<div class=\"author-avatar\">\n<p><img decoding=\"async\" src=\"http:\/\/\" alt=\"\"\/><\/p>\n<\/div>\n<p><h4>La R\u00e9daction EcoMatin<\/h4>\n<\/p>\n<\/div>\n<div class=\"awac-wrapper awac widget blog_subscription-2\">\n<h4 class=\"widget-title\">Abonnez-vous \u00e0 notre lettre d&rsquo;information<\/h4>\n<\/div>\n<p>Auteur: EcoMatin<br \/>\n<a href=\"https:\/\/ecomatin.net\/bicec-le-personnel-en-greve\/\">Cliquez ici pour lire l&rsquo;article depuis sa source.<\/a><\/p>\n","protected":false},"excerpt":{"rendered":"<p>Service bloqu\u00e9 ce lundi 10 juin 2019 \u00e0 la Direction g\u00e9n\u00e9rale Bicec \u00e0 Douala. Le personnel de la Banque internationale du Cameroun pour l\u2019\u00e9pargne et le cr\u00e9dit observe en ce moment une cessation temporaire d\u2019activit\u00e9s. Elle concerne tous les r\u00e9seaux Bicec du Cameroun. Rendu \u00e0 l\u2019agence de Ndokoti, r\u00e9cemment ferm\u00e9e pour besoins d\u2019enqu\u00eate pour soup\u00e7ons [&hellip;]<\/p>\n","protected":false},"author":1969,"featured_media":0,"comment_status":"closed","ping_status":"closed","sticky":false,"template":"","format":"standard","meta":{"fifu_image_url":"","fifu_image_alt":"","footnotes":""},"categories":[82,78],"tags":[],"class_list":["post-39935","post","type-post","status-publish","format-standard","hentry","category-cameroun","category-economie"],"_links":{"self":[{"href":"https:\/\/linitiative.ca\/International\/wp-json\/wp\/v2\/posts\/39935","targetHints":{"allow":["GET"]}}],"collection":[{"href":"https:\/\/linitiative.ca\/International\/wp-json\/wp\/v2\/posts"}],"about":[{"href":"https:\/\/linitiative.ca\/International\/wp-json\/wp\/v2\/types\/post"}],"author":[{"embeddable":true,"href":"https:\/\/linitiative.ca\/International\/wp-json\/wp\/v2\/users\/1969"}],"replies":[{"embeddable":true,"href":"https:\/\/linitiative.ca\/International\/wp-json\/wp\/v2\/comments?post=39935"}],"version-history":[{"count":0,"href":"https:\/\/linitiative.ca\/International\/wp-json\/wp\/v2\/posts\/39935\/revisions"}],"wp:attachment":[{"href":"https:\/\/linitiative.ca\/International\/wp-json\/wp\/v2\/media?parent=39935"}],"wp:term":[{"taxonomy":"category","embeddable":true,"href":"https:\/\/linitiative.ca\/International\/wp-json\/wp\/v2\/categories?post=39935"},{"taxonomy":"post_tag","embeddable":true,"href":"https:\/\/linitiative.ca\/International\/wp-json\/wp\/v2\/tags?post=39935"}],"curies":[{"name":"wp","href":"https:\/\/api.w.org\/{rel}","templated":true}]}}