{"id":39938,"date":"2019-06-10T14:11:50","date_gmt":"2019-06-10T18:11:50","guid":{"rendered":"https:\/\/linitiative.ca\/International\/finances-le-numerique-pour-securiser-et-booster-les-recettes-fiscales\/"},"modified":"2019-06-10T14:11:50","modified_gmt":"2019-06-10T18:11:50","slug":"finances-le-numerique-pour-securiser-et-booster-les-recettes-fiscales","status":"publish","type":"post","link":"https:\/\/linitiative.ca\/International\/finances-le-numerique-pour-securiser-et-booster-les-recettes-fiscales\/","title":{"rendered":"Finances: le num\u00e9rique pour s\u00e9curiser et booster les recettes fiscales"},"content":{"rendered":"<div class=\"featured-area featured-area-inner\"><img loading=\"lazy\" decoding=\"async\" width=\"672\" height=\"372\" src=\"https:\/\/i1.wp.com\/ecomatin.net\/wp-content\/uploads\/2019\/06\/ecomatin.net-finances-le-numerique-pour-securiser-et-booster-les-recettes-fiscales-fiscalite-sarl-1-672x372.jpg?resize=672%2C372&#038;ssl=1&#038;is-pending-load=1\" class=\"attachment-jannah-image-post size-jannah-image-post wp-post-image jetpack-lazy-image\" alt=\"\" data-attachment-id=\"8881\" data-permalink=\"https:\/\/ecomatin.net\/finances-le-numerique-pour-securiser-et-booster-les-recettes-fiscales\/fiscalite-sarl-1-672x372\/\" data-orig-file=\"https:\/\/i1.wp.com\/ecomatin.net\/wp-content\/uploads\/2019\/06\/ecomatin.net-finances-le-numerique-pour-securiser-et-booster-les-recettes-fiscales-fiscalite-sarl-1-672x372.jpg?fit=672%2C372&#038;ssl=1\" data-orig-size=\"672,372\" data-comments-opened=\"0\" data-image-meta=\"{\"aperture\":\"0\",\"credit\":\"\",\"camera\":\"\",\"caption\":\"\",\"created_timestamp\":\"0\",\"copyright\":\"\",\"focal_length\":\"0\",\"iso\":\"0\",\"shutter_speed\":\"0\",\"title\":\"\",\"orientation\":\"0\"}\" data-image-title=\"fiscalit\u00e9-SARL-1-672\u00d7372\" data-image-description=\"\" data-medium-file=\"https:\/\/i1.wp.com\/ecomatin.net\/wp-content\/uploads\/2019\/06\/ecomatin.net-finances-le-numerique-pour-securiser-et-booster-les-recettes-fiscales-fiscalite-sarl-1-672x372.jpg?fit=300%2C166&#038;ssl=1\" data-large-file=\"https:\/\/i1.wp.com\/ecomatin.net\/wp-content\/uploads\/2019\/06\/ecomatin.net-finances-le-numerique-pour-securiser-et-booster-les-recettes-fiscales-fiscalite-sarl-1-672x372.jpg?fit=672%2C372&#038;ssl=1\" data-lazy-srcset=\"https:\/\/i1.wp.com\/ecomatin.net\/wp-content\/uploads\/2019\/06\/ecomatin.net-finances-le-numerique-pour-securiser-et-booster-les-recettes-fiscales-fiscalite-sarl-1-672x372.jpg?resize=672%2C372&#038;ssl=1 672w, https:\/\/i1.wp.com\/ecomatin.net\/wp-content\/uploads\/2019\/06\/ecomatin.net-finances-le-numerique-pour-securiser-et-booster-les-recettes-fiscales-fiscalite-sarl-1-672x372.jpg?resize=300%2C166&#038;ssl=1 300w\" data-lazy-sizes=\"(max-width: 672px) 100vw, 672px\" srcset=\"data:image\/gif;base64,R0lGODlhAQABAIAAAAAAAP\/\/\/yH5BAEAAAAALAAAAAABAAEAAAIBRAA7\"\/><\/div>\n<div class=\"entry-content entry clearfix\" readability=\"59\">\n<p>Trois. C\u2019est le nombre de jours pendant lesquels le Cameroun abrite la <strong>34<sup>i\u00e8me<\/sup><\/strong> Conf\u00e9rence du cercle de r\u00e9flexion et d\u2019\u00e9change des dirigeants des administrations fiscales (<strong>Credaf<\/strong>). Les pays qui prennent part aux \u00e9changes\u00a0 entre le 10 et le 13 juin 2019 \u00e0 Yaound\u00e9 doivent s\u2019entretenir sur la th\u00e9matique <em>\u00ab\u00a0le num\u00e9rique au service de l\u2019\u00e9largissement de l\u2019assiette fiscale\u00a0\u00bb.<\/em> Il est question de mobiliser plus de recettes fiscales internes au sein des Etats et s\u00e9curiser tout en \u00e9largissant le volume de recettes gr\u00e2ce par un maillage digital des espaces \u00e9conomiques.<\/p>\n<p>Jusqu\u2019\u00e0 jeudi prochain, les participants des <strong>30<\/strong> <strong>pays<\/strong> <strong>membres (24 d\u2019Afrique, 2 d\u2019Am\u00e9rique, 2 d\u2019Europe et 2 d\u2019Asie<\/strong>) vont identifier les meilleures pratiques actuelles et les pistes les plus prometteuses pour l\u2019avenir pour d\u00e9velopper et promouvoir les solutions num\u00e9riques \u00e0 m\u00eame de contribuer \u00e0 l\u2019\u00e9largissement fiscal. Une fois les difficult\u00e9s auxquelles ces administrations traversent, les \u00e9changes permettront de d\u00e9gager des solutions concr\u00e8tes pouvant \u00eatre mise en \u0153uvre. L\u2019\u00e9v\u00e9nement permettra \u00e9galement d\u2019aborder les travaux men\u00e9s en collaboration avec les diff\u00e9rents partenaires du <strong>Credaf<\/strong> notamment <strong>l\u2019Ocde<\/strong> et le <strong>Ferdi<\/strong> afin que les pays membres du cercle puissent en tirer le meilleur parti.<\/p>\n<p>Par ailleurs, le <strong>Credaf<\/strong> rassure que la conf\u00e9rence n\u2019a pas la pr\u00e9tention\u00a0 durant ces trois <em>jours \u00ab\u00a0de travailler sur la cr\u00e9ation de nouveaux imp\u00f4ts\u00a0\u00bb.<\/em> \u00a0Mais plut\u00f4t de transformer <em>\u00ab\u00a0nos m\u00e9thode de travail\u00a0\u00bb<\/em>, en saisissant les opportunit\u00e9s et une ing\u00e9nierie administrative pour tirer avantage du num\u00e9rique. Notamment la simplification des proc\u00e9dures gr\u00e2ce \u00e0 la d\u00e9mat\u00e9rialisation. C\u2019est un gage des gains significatifs de productivit\u00e9 pour les contribuables tout comme les administrations. Elle permet d\u2019abaisser le co\u00fbt de collecte de l\u2019imp\u00f4t pour les administrations et les co\u00fbts administratifs pour les entreprises. Une implication des proc\u00e9dures suivant le <strong>Credaf<\/strong> sert aussi \u00e0 la maitrise des risques les plus couramment rencontr\u00e9s dans les administrations financi\u00e8res.<\/p>\n<p>Pour rappel, le <strong>Credaf<\/strong> est une association gouvernementale et \u00e0 but non lucrative cr\u00e9\u00e9e en 1982 \u00e0 Yaound\u00e9. Couramment, l\u2019institution organise des \u00e9changes d\u2019exp\u00e9riences entre les responsables des administrations fiscales de ses pays membres. \u00c0 l\u2019issue des travaux, une assembl\u00e9e g\u00e9n\u00e9rale permettra au Cameroun de prendre la pr\u00e9sidence du <strong>Credaf<\/strong> pour la p\u00e9riode 2019-2020.<\/p>\n<div class=\"about-author about-author-box container-wrapper\">\n<div class=\"author-avatar\">\n<p><img decoding=\"async\" src=\"http:\/\/\" alt=\"\"\/><\/p>\n<\/div>\n<p><h4>La R\u00e9daction EcoMatin<\/h4>\n<\/p>\n<\/div>\n<div class=\"awac-wrapper awac widget blog_subscription-2\">\n<h4 class=\"widget-title\">Abonnez-vous \u00e0 notre lettre d&rsquo;information<\/h4>\n<\/div>\n<\/div>\n<div class=\"toggle-post-content clearfix\"><a id=\"toggle-post-button\" class=\"button\" href=\"#\">Afficher plus <\/a><\/div>\n<p>Auteur: EcoMatin<br \/>\n<a href=\"https:\/\/ecomatin.net\/finances-le-numerique-pour-securiser-et-booster-les-recettes-fiscales\/\">Cliquez ici pour lire l&rsquo;article depuis sa source.<\/a><\/p>\n","protected":false},"excerpt":{"rendered":"<p>Trois. C\u2019est le nombre de jours pendant lesquels le Cameroun abrite la 34i\u00e8me Conf\u00e9rence du cercle de r\u00e9flexion et d\u2019\u00e9change des dirigeants des administrations fiscales (Credaf). Les pays qui prennent part aux \u00e9changes\u00a0 entre le 10 et le 13 juin 2019 \u00e0 Yaound\u00e9 doivent s\u2019entretenir sur la th\u00e9matique \u00ab\u00a0le num\u00e9rique au service de l\u2019\u00e9largissement de [&hellip;]<\/p>\n","protected":false},"author":1969,"featured_media":0,"comment_status":"closed","ping_status":"closed","sticky":false,"template":"","format":"standard","meta":{"fifu_image_url":"","fifu_image_alt":"","footnotes":""},"categories":[82,78],"tags":[],"class_list":["post-39938","post","type-post","status-publish","format-standard","hentry","category-cameroun","category-economie"],"_links":{"self":[{"href":"https:\/\/linitiative.ca\/International\/wp-json\/wp\/v2\/posts\/39938","targetHints":{"allow":["GET"]}}],"collection":[{"href":"https:\/\/linitiative.ca\/International\/wp-json\/wp\/v2\/posts"}],"about":[{"href":"https:\/\/linitiative.ca\/International\/wp-json\/wp\/v2\/types\/post"}],"author":[{"embeddable":true,"href":"https:\/\/linitiative.ca\/International\/wp-json\/wp\/v2\/users\/1969"}],"replies":[{"embeddable":true,"href":"https:\/\/linitiative.ca\/International\/wp-json\/wp\/v2\/comments?post=39938"}],"version-history":[{"count":0,"href":"https:\/\/linitiative.ca\/International\/wp-json\/wp\/v2\/posts\/39938\/revisions"}],"wp:attachment":[{"href":"https:\/\/linitiative.ca\/International\/wp-json\/wp\/v2\/media?parent=39938"}],"wp:term":[{"taxonomy":"category","embeddable":true,"href":"https:\/\/linitiative.ca\/International\/wp-json\/wp\/v2\/categories?post=39938"},{"taxonomy":"post_tag","embeddable":true,"href":"https:\/\/linitiative.ca\/International\/wp-json\/wp\/v2\/tags?post=39938"}],"curies":[{"name":"wp","href":"https:\/\/api.w.org\/{rel}","templated":true}]}}