{"id":39951,"date":"2019-06-11T06:53:24","date_gmt":"2019-06-11T10:53:24","guid":{"rendered":"https:\/\/linitiative.ca\/International\/un-engagement-en-14-points-pour-satisfaire-les-revendications-des-etudiants\/"},"modified":"2019-06-11T06:53:24","modified_gmt":"2019-06-11T10:53:24","slug":"un-engagement-en-14-points-pour-satisfaire-les-revendications-des-etudiants","status":"publish","type":"post","link":"https:\/\/linitiative.ca\/International\/un-engagement-en-14-points-pour-satisfaire-les-revendications-des-etudiants\/","title":{"rendered":"Un engagement en 14 points pour satisfaire les revendications des \u00e9tudiants"},"content":{"rendered":"<p class=\"c4\"><strong><span class=\"c2\">L<\/span><span class=\"c3\">e minist\u00e8re de l\u2019Education nationale, de la Formation professionnelle, de l\u2019Enseignement sup\u00e9rieur et de la Recherche scientifique et le minist\u00e8re de la Sant\u00e9 ont assur\u00e9, dimanche, s\u2019\u00eatre engag\u00e9s \u00e0 mettre en \u0153uvre 14 points ayant fait l\u2019objet d\u2019accord avec les repr\u00e9sentants des \u00e9tudiants des facult\u00e9s de m\u00e9decine, de pharmacie et de m\u00e9decine dentaire.<\/span><\/strong><\/p>\n<p class=\"c4\">Dans un communiqu\u00e9 conjoint, les deux minist\u00e8res, anim\u00e9s par le souci de faire pr\u00e9valoir l\u2019int\u00e9r\u00eat des \u00e9tudiants, affirment que parmi ces engagements figure l\u2019instauration d\u2019un examen national de qualification dont l\u2019organisation ne diff\u00e8re pas des examens cliniques actuels.<\/p>\n<p class=\"c4\">Cet examen est tenu tout au long de 3 sessions de la septi\u00e8me ann\u00e9e de formation pour le dipl\u00f4me de docteur en m\u00e9decine, de la sixi\u00e8me pour le dipl\u00f4me de docteur en pharmacie et \u00e0 la fin des stages hospitaliers pour la sixi\u00e8me ann\u00e9e du dipl\u00f4me de docteur en m\u00e9decine dentaire, pr\u00e9cise le communiqu\u00e9, ajoutant qu\u2019il n\u2019aura ainsi aucune r\u00e9percussion sur les concours d\u2019internat et de r\u00e9sidanat pour les \u00e9tudiants de m\u00e9decine dentaire.<\/p>\n<p class=\"c4\">L\u2019offre porte \u00e9galement sur l\u2019augmentation graduelle des postes destin\u00e9s au concours de m\u00e9decins internes, sachant qu\u2019ils concernent les \u00e9tudiants des facult\u00e9s publiques de m\u00e9decine, de pharmacie et de m\u00e9decine dentaire, suivant le cadre l\u00e9gale en vigueur, fait-on remarquer, ajoutant qu\u2019il s\u2019agit \u00e9galement de la suppression de la mention des dipl\u00f4mes de docteur en m\u00e9decine, en pharmacie et en m\u00e9decine dentaire, en plus de l\u2019acc\u00e8s des \u00e9tudiants de ces facult\u00e9s au r\u00e9gime d\u2019assurance maladie obligatoire de base.<\/p>\n<p class=\"c4\">Il s\u2019agit \u00e9galement de l\u2019implication de l\u2019ensemble des intervenants, notamment les repr\u00e9sentants des enseignants-chercheurs et des \u00e9tudiants, dans la mise en place des cahiers de normes p\u00e9dagogique relatifs au troisi\u00e8me cycle, sachant que le syst\u00e8me d\u2019\u00e9tude actuel demeure en vigueur jusqu\u2019\u00e0 2021-2022.<\/p>\n<p class=\"c4\">Concernant les \u00e9tudiant de m\u00e9decine, les deux minist\u00e8res se sont engag\u00e9s \u00e0 modifier la circulaire n\u00b0 48 du 12 octobre 2017 relative aux stages des \u00e9tudiants de m\u00e9decine charg\u00e9s des missions de m\u00e9decin interne (7\u00e8me ann\u00e9e), en impliquant les \u00e9tudiants et ce, avant septembre prochain.<\/p>\n<p class=\"c4\">Ces engagements portent \u00e9galement sur l\u2019annonce du quota d\u2019affectation dans les centres hospitaliers au maximum dans la deuxi\u00e8me semaine de septembre, directement apr\u00e8s r\u00e9ception des listes en provenance des facult\u00e9s de m\u00e9decine et de pharmacie durant la premi\u00e8re semaine du mois de septembre de chaque ann\u00e9e, avec cr\u00e9ation de commission r\u00e9gionales comprenant les repr\u00e9sentants de la direction r\u00e9gionale de la Sant\u00e9, le CHU, les facult\u00e9s de m\u00e9decine et de pharmacie et les \u00e9tudiants, qui seront charg\u00e9es d\u2019homologuer les centres hospitaliers aptes \u00e0 accueillir les \u00e9tudiants de la septi\u00e8me ann\u00e9e, tout en prenant en consid\u00e9ration leur capacit\u00e9 d\u2019accueil, afin d\u2019\u00e9viter la surcharge et d\u2019assurer les meilleures conditions aux stages.<\/p>\n<p class=\"c4\">La m\u00eame source souligne, aussi, que les facult\u00e9s de m\u00e9decine priv\u00e9es et cr\u00e9\u00e9es dans le cadre de partenariat doivent disposer de leur propre centre hospitalier au moment de l\u2019obtention de l\u2019autorisation du minist\u00e8re de l\u2019Education nationale, de la Formation professionnelle, de l\u2019Enseignement sup\u00e9rieur et de la Recherche scientifique.<\/p>\n<p class=\"c4\">Concernant les \u00e9tudiants de pharmacie, les deux d\u00e9partements se sont engag\u00e9s \u00e0 augmenter le nombre des postes d\u2019emploi destin\u00e9s aux titulaires du dipl\u00f4me de docteur en pharmacie, \u00e0 assurer l\u2019acc\u00e8s des \u00e9tudiants des cinqui\u00e8me et sixi\u00e8me ann\u00e9es d\u2019indemnit\u00e9s de missions, \u00e0 l\u2019instar de leurs coll\u00e8gues des sixi\u00e8me et septi\u00e8me ann\u00e9es de m\u00e9decine, en plus de l\u2019activation des stages hospitaliers pour les cinqui\u00e8me et sixi\u00e8me ann\u00e9es du dipl\u00f4me de docteur en pharmacie, note le communiqu\u00e9.<\/p>\n<p class=\"c4\">Avec les \u00e9tudiants de m\u00e9decine dentaire, il a \u00e9t\u00e9 convenu d\u2019augmenter le nombre de postes destin\u00e9s aux titulaires de dipl\u00f4me de docteur en m\u00e9decine dentaire, d\u2019allouer un budget sp\u00e9cial de la part des facult\u00e9s pour dispenser les \u00e9tudiants des charges d\u2019acquisition de mat\u00e9riels destin\u00e9s aux travaux pratiques et au stage hospitalier, outre l\u2019octroi de prime de mission aux \u00e9tudiants de la sixi\u00e8me ann\u00e9e.<\/p>\n<p class=\"c4\">Concernant les deux points restants, les deux d\u00e9partements assurent que pour le concours de r\u00e9sidents, ils ont pr\u00e9sent\u00e9 des propositions portant sur l\u2019augmentation des postes affect\u00e9s et la r\u00e9vision, en coordination avec le minist\u00e8re de l\u2019Education nationale, de la Formation professionnelle, de l\u2019Enseignement sup\u00e9rieur et de la Recherche scientifique, du d\u00e9cret n\u00b0 2.91.527 relatif \u00e0 l\u2019organisation du concours de m\u00e9decins, pharmaciens et m\u00e9decins dentistes r\u00e9sidents, de mani\u00e8re \u00e0 garantir les droits et les acquis des \u00e9tudiants des facult\u00e9s de formation m\u00e9dicale g\u00e9n\u00e9raliste \u00e0 acc\u00e9der \u00e0 des formations sp\u00e9cialis\u00e9es.<\/p>\n<p class=\"c4\">Les deux minist\u00e8res ont propos\u00e9 la cr\u00e9ation d\u2019une commission compos\u00e9e des diff\u00e9rents intervenants, dont les repr\u00e9sentants des enseignants-chercheurs et des \u00e9tudiants, qui se chargera d\u2019\u00e9tudier la modification du d\u00e9cret n\u00b0 2.91.527, y compris la possibilit\u00e9 de fixer les quotas et supprimer la partie relative au coefficient des \u00e9preuves de titre (moyenne des 5 ans d\u2019\u00e9tudes et de l\u2019examen clinique de 7e ann\u00e9e).<\/p>\n<p class=\"c4\">Concernant le deuxi\u00e8me point relatif \u00e0 l\u2019activation de la sixi\u00e8me ann\u00e9e de m\u00e9decine dentaire r\u00e9cemment ajout\u00e9e au cursus, les propositions concernent la mise en place d\u2019un partenariat avec l\u2019ordre national des m\u00e9decins dentaires et la pr\u00e9paration des conditions de mise en \u0153uvre des dispositions du cahier de normes p\u00e9dagogiques du dipl\u00f4me de docteur en m\u00e9decine dentaire, dont la mise en place d\u2019une plateforme de stages hospitaliers pour la sixi\u00e8me ann\u00e9e et la pr\u00e9sentation d\u2019un contenu complet des stages au titre de cette ann\u00e9e.<\/p>\n<p class=\"c4\">En apportant ces clarifications, le minist\u00e8re de l\u2019Education nationale, de la Formation professionnelle, de l\u2019Enseignement sup\u00e9rieur et de la Recherche scientifique et le minist\u00e8re de la Sant\u00e9 affirment que toutes les voies du dialogue avec les repr\u00e9sentants des \u00e9tudiants ont \u00e9t\u00e9 \u00e9puis\u00e9s. Les deux d\u00e9partements tiennent, par ailleurs, au maintien des examens de printemps \u00e0 partir du lundi 10 juin conform\u00e9ment au calendrier homologu\u00e9 par les structures universitaires des facult\u00e9s de m\u00e9decine, de pharmacie et de m\u00e9decine dentaire, indique le communiqu\u00e9.<\/p>\n<p class=\"c4\">Les m\u00eames d\u00e9partements ont entrepris les d\u00e9marches n\u00e9cessaires pour assurer le droit de l\u2019ensemble des \u00e9tudiants \u00e0 passer ces \u00e9preuves dans les meilleures conditions, pr\u00e9venant qu\u2019ils n\u2019h\u00e9siteront pas \u00e0 engager les mesures l\u00e9gales en vigueur contre toute personne entravant le bon d\u00e9roulement de ces examens, conclut le communiqu\u00e9.<\/p>\n<p>Auteur: rahal mehamed<br \/>\n<a href=\"http:\/\/albayane.press.ma\/un-engagement-en-14-points-pour-satisfaire-les-revendications-des-etudiants.html\">Cliquez ici pour lire l&rsquo;article depuis sa source.<\/a><\/p>\n","protected":false},"excerpt":{"rendered":"<p>Le minist\u00e8re de l\u2019Education nationale, de la Formation professionnelle, de l\u2019Enseignement sup\u00e9rieur et de la Recherche scientifique et le minist\u00e8re de la Sant\u00e9 ont assur\u00e9, dimanche, s\u2019\u00eatre engag\u00e9s \u00e0 mettre en \u0153uvre 14 points ayant fait l\u2019objet d\u2019accord avec les repr\u00e9sentants des \u00e9tudiants des facult\u00e9s de m\u00e9decine, de pharmacie et de m\u00e9decine dentaire. Dans un [&hellip;]<\/p>\n","protected":false},"author":1760,"featured_media":0,"comment_status":"closed","ping_status":"closed","sticky":false,"template":"","format":"standard","meta":{"fifu_image_url":"","fifu_image_alt":"","footnotes":""},"categories":[73,54],"tags":[],"class_list":["post-39951","post","type-post","status-publish","format-standard","hentry","category-actualite","category-maroc"],"_links":{"self":[{"href":"https:\/\/linitiative.ca\/International\/wp-json\/wp\/v2\/posts\/39951","targetHints":{"allow":["GET"]}}],"collection":[{"href":"https:\/\/linitiative.ca\/International\/wp-json\/wp\/v2\/posts"}],"about":[{"href":"https:\/\/linitiative.ca\/International\/wp-json\/wp\/v2\/types\/post"}],"author":[{"embeddable":true,"href":"https:\/\/linitiative.ca\/International\/wp-json\/wp\/v2\/users\/1760"}],"replies":[{"embeddable":true,"href":"https:\/\/linitiative.ca\/International\/wp-json\/wp\/v2\/comments?post=39951"}],"version-history":[{"count":0,"href":"https:\/\/linitiative.ca\/International\/wp-json\/wp\/v2\/posts\/39951\/revisions"}],"wp:attachment":[{"href":"https:\/\/linitiative.ca\/International\/wp-json\/wp\/v2\/media?parent=39951"}],"wp:term":[{"taxonomy":"category","embeddable":true,"href":"https:\/\/linitiative.ca\/International\/wp-json\/wp\/v2\/categories?post=39951"},{"taxonomy":"post_tag","embeddable":true,"href":"https:\/\/linitiative.ca\/International\/wp-json\/wp\/v2\/tags?post=39951"}],"curies":[{"name":"wp","href":"https:\/\/api.w.org\/{rel}","templated":true}]}}