{"id":39971,"date":"2019-06-11T13:37:16","date_gmt":"2019-06-11T17:37:16","guid":{"rendered":"https:\/\/linitiative.ca\/International\/tlemcen-celebre-la-fete-de-la-cerise\/"},"modified":"2019-06-11T13:37:16","modified_gmt":"2019-06-11T17:37:16","slug":"tlemcen-celebre-la-fete-de-la-cerise","status":"publish","type":"post","link":"https:\/\/linitiative.ca\/International\/tlemcen-celebre-la-fete-de-la-cerise\/","title":{"rendered":"Tlemcen c\u00e9l\u00e8bre la f\u00eate de la cerise"},"content":{"rendered":"<div>\n<div class=\"K2FeedImage\"><img decoding=\"async\" src=\"http:\/\/www.aps.dz\/media\/k2\/items\/cache\/73885bec8a0e156cecc8248d84db7630_S.jpg\" alt=\"Tlemcen c\u00e9l\u00e8bre la f\u00eate de la cerise\"><\/div>\n<div class=\"K2FeedIntroText\">\n<p><strong>TLEMCEN &#8211; Le coup d\u2019envoi de la nouvelle \u00e9dition de la f\u00eate de la cerise, organis\u00e9e annuellement par la mairie de Tlemcen, a \u00e9t\u00e9 donn\u00e9 mardi par les autorit\u00e9s de la wilaya \u00e0 partir du site historique du Grand bassin situ\u00e9 au centre de la cit\u00e9 des zianides.<\/strong><\/p>\n<\/div>\n<div class=\"K2FeedFullText\">\n<p>Les producteurs de cerises des r\u00e9gions d\u2019Attar, Ain Gass\u00e2a, Ain Fezza, Oued Lakhdar et de Beni Smeil ont ainsi l&rsquo;occasion d&rsquo;exposer les meilleures qualit\u00e9s de cerises qui m\u00fbrissent actuellement, telles que le bigarreau noir, le dur noir et le bigarreau blanc.<\/p>\n<blockquote>\n<p><em><strong>Cette f\u00eate traditionnelle, c\u00e9l\u00e9br\u00e9e depuis des ann\u00e9es \u00e0 Tlemcen, a permis aux nombreux visiteurs venus de plusieurs wilayas du pays de d\u00e9guster des vari\u00e9t\u00e9s de cerises aussi succulentes que juteuses qui distinguent la cerise alg\u00e9rienne de celles d\u2019autres pays.<\/strong><\/em><\/p>\n<\/blockquote>\n<p>Belaribi, un exposant de la r\u00e9gion de Mansourah, tr\u00e8s fier de ses cerises et de leur qualit\u00e9, a insist\u00e9 sur la n\u00e9cessit\u00e9 de donner plus d\u2019importance \u00e0 cette fili\u00e8re afin d\u2019augmenter la production, devant garantir autosuffisance locale et penser \u00e0 l\u2019exportation. \u00ab\u00a0Notre production est totalement BIO et pourrait facilement avoir sa part de march\u00e9 \u00e0 l\u2019\u00e9chelle internationale\u00a0\u00bb, a-t-il indiqu\u00e9.<\/p>\n<p>La nouvelle \u00e9dition de la f\u00eate des cerises a \u00e9galement permis la participation d&rsquo;artisans p\u00e2tissiers qui devront concourir pour pr\u00e9senter les meilleurs g\u00e2teaux faits \u00e0 base de ce fruit.<\/p>\n<blockquote>\n<p><em><strong>Des artisans exp\u00e9riment\u00e9s ainsi que des jeunes du centre de la formation professionnelle de jeunes filles ont pr\u00e9sent\u00e9 au public une gamme vari\u00e9e de g\u00e2teaux, de desserts et de tartes faites \u00e0 base de cerises qui d\u00e9notent du talent des artisans locaux.<\/strong><\/em><\/p>\n<\/blockquote>\n<p>M\u00eame si les prix affich\u00e9s de la cerise restent encore chers (entre 600 et 700 DA\/kg), le public pr\u00e9sent ne s\u2019est pas emp\u00each\u00e9 d\u2019acheter, a-t-on constat\u00e9 sur place.<\/p>\n<p>Les citoyens auront jusqu\u2019\u00e0 jeudi prochain, selon le programme \u00e9tabli par la commune, pour visiter les diff\u00e9rents stands dress\u00e9s pour l\u2019occasion et s\u2019approvisionner en cerises produites sur les hauteurs de Tlemcen.<\/p>\n<\/div>\n<\/div>\n<p>Auteur:<br \/>\n<a href=\"http:\/\/www.aps.dz\/regions\/90495-tlemcen-celebre-la-fete-de-la-cerise\">Cliquez ici pour lire l&rsquo;article depuis sa source.<\/a><\/p>\n","protected":false},"excerpt":{"rendered":"<p>TLEMCEN &#8211; Le coup d\u2019envoi de la nouvelle \u00e9dition de la f\u00eate de la cerise, organis\u00e9e annuellement par la mairie de Tlemcen, a \u00e9t\u00e9 donn\u00e9 mardi par les autorit\u00e9s de la wilaya \u00e0 partir du site historique du Grand bassin situ\u00e9 au centre de la cit\u00e9 des zianides. Les producteurs de cerises des r\u00e9gions d\u2019Attar, [&hellip;]<\/p>\n","protected":false},"author":1790,"featured_media":39972,"comment_status":"closed","ping_status":"closed","sticky":false,"template":"","format":"standard","meta":{"fifu_image_url":"","fifu_image_alt":"","footnotes":""},"categories":[53,76],"tags":[],"class_list":["post-39971","post","type-post","status-publish","format-standard","has-post-thumbnail","hentry","category-algerie","category-regions"],"_links":{"self":[{"href":"https:\/\/linitiative.ca\/International\/wp-json\/wp\/v2\/posts\/39971","targetHints":{"allow":["GET"]}}],"collection":[{"href":"https:\/\/linitiative.ca\/International\/wp-json\/wp\/v2\/posts"}],"about":[{"href":"https:\/\/linitiative.ca\/International\/wp-json\/wp\/v2\/types\/post"}],"author":[{"embeddable":true,"href":"https:\/\/linitiative.ca\/International\/wp-json\/wp\/v2\/users\/1790"}],"replies":[{"embeddable":true,"href":"https:\/\/linitiative.ca\/International\/wp-json\/wp\/v2\/comments?post=39971"}],"version-history":[{"count":0,"href":"https:\/\/linitiative.ca\/International\/wp-json\/wp\/v2\/posts\/39971\/revisions"}],"wp:featuredmedia":[{"embeddable":true,"href":"https:\/\/linitiative.ca\/International\/wp-json\/"}],"wp:attachment":[{"href":"https:\/\/linitiative.ca\/International\/wp-json\/wp\/v2\/media?parent=39971"}],"wp:term":[{"taxonomy":"category","embeddable":true,"href":"https:\/\/linitiative.ca\/International\/wp-json\/wp\/v2\/categories?post=39971"},{"taxonomy":"post_tag","embeddable":true,"href":"https:\/\/linitiative.ca\/International\/wp-json\/wp\/v2\/tags?post=39971"}],"curies":[{"name":"wp","href":"https:\/\/api.w.org\/{rel}","templated":true}]}}