{"id":39973,"date":"2019-06-11T13:48:31","date_gmt":"2019-06-11T17:48:31","guid":{"rendered":"https:\/\/linitiative.ca\/International\/marche-des-etudiants-a-alger-en-soutien-au-hirak-pour-revendiquer-le-depart-des-symboles-du-regime\/"},"modified":"2019-06-11T13:48:31","modified_gmt":"2019-06-11T17:48:31","slug":"marche-des-etudiants-a-alger-en-soutien-au-hirak-pour-revendiquer-le-depart-des-symboles-du-regime","status":"publish","type":"post","link":"https:\/\/linitiative.ca\/International\/marche-des-etudiants-a-alger-en-soutien-au-hirak-pour-revendiquer-le-depart-des-symboles-du-regime\/","title":{"rendered":"Marche des \u00e9tudiants \u00e0 Alger en soutien au Hirak pour revendiquer le d\u00e9part des symboles du r\u00e9gime"},"content":{"rendered":"<div>\n<div class=\"K2FeedIntroText\">\n<p><strong>ALGER &#8211; Des centaines d&rsquo;\u00e9tudiants ont organis\u00e9, mardi \u00e0 Alger, une marche pacifique pour revendiquer le d\u00e9part des anciens symboles du r\u00e9gime et r\u00e9it\u00e9r\u00e9 leur attachement au Hirak populaire jusqu&rsquo;\u00e0 la concr\u00e9tisation du \u00ab\u00a0changement radical\u00a0\u00bb.<\/strong><\/p>\n<\/div>\n<div class=\"K2FeedFullText\">\n<p>Fait in\u00e9dit, la marche s&rsquo;est \u00e9branl\u00e9e depuis la Place des Martyrs, au lieu de la Grand Poste, en vue de contourner le dispositif s\u00e9curitaire qui les emp\u00eachent habituellement d&rsquo;y acc\u00e9der.<\/p>\n<p>Portant des slogans exigeant le d\u00e9part des symboles de l&rsquo;ancien r\u00e9gime et affirmant \u00ab\u00a0l&rsquo;impossibilit\u00e9 d&rsquo;un dialogue national avec le maintien de figures du r\u00e9gime corrompu\u00a0\u00bb, les manifestants ont parcouru les grands axes menant vers la Grande Poste o\u00f9 ils ont organis\u00e9 un sit-in, avant de poursuivre leur marche vers la Place Audin.<\/p>\n<p>Par ailleurs, ils exprim\u00e9 leur attachement \u00e0 la poursuite du Hirak populaire en scandant plusieurs slogans tels que \u00ab\u00a0Etudiants unis contre le r\u00e9gime et pour le Hirak\u00a0\u00bb, \u00ab\u00a0Combat, combat, jusqu&rsquo;\u00e0 la chute du r\u00e9gime\u00a0\u00bb et \u00ab\u00a0Etudiants r\u00e9sistants jusqu&rsquo;au changement\u00a0\u00bb.<\/p>\n<p>R\u00e9affirmant le caract\u00e8re pacifique de leur marche qui, \u00e0 l&rsquo;instar des marches pr\u00e9c\u00e9dentes, a vu le d\u00e9ploiement d&rsquo;un impressionnant dispositif s\u00e9curitaire, les \u00e9tudiant ont appel\u00e9 \u00e9galement \u00e0 \u00ab\u00a0la poursuite de ceux qui ont spoli\u00e9 les deniers publics et caus\u00e9 la perte des richesses de l&rsquo;Alg\u00e9rie\u00a0\u00bb.<\/p>\n<p>La marche de ce mardi a \u00e9t\u00e9 marqu\u00e9e, par ailleurs, par des \u00e9tudiants en ligne de t\u00eate portant des slogans \u00ab\u00a0Etudiants et Police, une relation de partenariat et non d&rsquo;animosit\u00e9\u00a0\u00bb et \u00ab\u00a0Djeich, chaab khaoua khaoua\u00a0\u00bb (Arm\u00e9e et peuple sont fr\u00e8res), ainsi que par la distribution d&rsquo;un document intitul\u00e9 \u00ab\u00a0Projet de l&rsquo;\u00e9lite\u00a0\u00bb portant sur l&rsquo;\u00e9lection d&rsquo;une instance repr\u00e9sentant les \u00e9tudiant compos\u00e9e de 15 membres \u00e9lus sur un total de 500 candidats, choisis parmi des repr\u00e9sentants des diff\u00e9rentes universit\u00e9s du pays.<\/p>\n<p>\u0152uvrant dans un cadre interactif \u00e0 travers un groupe sur Facebook, cette Instance repr\u00e9sentative devra \u00e9laborer une motion sp\u00e9ciale aux \u00e9tudiants qui sera soumis au vote via ce site avant d&rsquo;\u00eatre transmise \u00e0 la Pr\u00e9sidence de la R\u00e9publique et au minist\u00e8re de la D\u00e9fense nationale dans le but de contribuer \u00e0 l&rsquo;initiative du dialogue national.<\/p>\n<p>Le projet de texte propose une rencontre directe avec le chef de l&rsquo;Etat pour lui remettre cette motion incluant les premi\u00e8res revendications, li\u00e9es notamment \u00e0 l&rsquo;organisation des \u00e9lections, suite \u00e0 quoi, un rapport sur le dialogue sera rendu public \u00e0 travers l&rsquo;Agence de presse Alg\u00e9rie presse service.<\/p>\n<\/div>\n<\/div>\n<p>Auteur:<br \/>\n<a href=\"http:\/\/www.aps.dz\/regions\/90496-marche-des-etudiants-a-alger-en-soutien-au-hirak-pour-revendiquer-le-depart-des-symboles-du-regime\">Cliquez ici pour lire l&rsquo;article depuis sa source.<\/a><\/p>\n","protected":false},"excerpt":{"rendered":"<p>ALGER &#8211; Des centaines d&rsquo;\u00e9tudiants ont organis\u00e9, mardi \u00e0 Alger, une marche pacifique pour revendiquer le d\u00e9part des anciens symboles du r\u00e9gime et r\u00e9it\u00e9r\u00e9 leur attachement au Hirak populaire jusqu&rsquo;\u00e0 la concr\u00e9tisation du \u00ab\u00a0changement radical\u00a0\u00bb. Fait in\u00e9dit, la marche s&rsquo;est \u00e9branl\u00e9e depuis la Place des Martyrs, au lieu de la Grand Poste, en vue de [&hellip;]<\/p>\n","protected":false},"author":1790,"featured_media":0,"comment_status":"closed","ping_status":"closed","sticky":false,"template":"","format":"standard","meta":{"fifu_image_url":"","fifu_image_alt":"","footnotes":""},"categories":[53,76],"tags":[],"class_list":["post-39973","post","type-post","status-publish","format-standard","hentry","category-algerie","category-regions"],"_links":{"self":[{"href":"https:\/\/linitiative.ca\/International\/wp-json\/wp\/v2\/posts\/39973","targetHints":{"allow":["GET"]}}],"collection":[{"href":"https:\/\/linitiative.ca\/International\/wp-json\/wp\/v2\/posts"}],"about":[{"href":"https:\/\/linitiative.ca\/International\/wp-json\/wp\/v2\/types\/post"}],"author":[{"embeddable":true,"href":"https:\/\/linitiative.ca\/International\/wp-json\/wp\/v2\/users\/1790"}],"replies":[{"embeddable":true,"href":"https:\/\/linitiative.ca\/International\/wp-json\/wp\/v2\/comments?post=39973"}],"version-history":[{"count":0,"href":"https:\/\/linitiative.ca\/International\/wp-json\/wp\/v2\/posts\/39973\/revisions"}],"wp:attachment":[{"href":"https:\/\/linitiative.ca\/International\/wp-json\/wp\/v2\/media?parent=39973"}],"wp:term":[{"taxonomy":"category","embeddable":true,"href":"https:\/\/linitiative.ca\/International\/wp-json\/wp\/v2\/categories?post=39973"},{"taxonomy":"post_tag","embeddable":true,"href":"https:\/\/linitiative.ca\/International\/wp-json\/wp\/v2\/tags?post=39973"}],"curies":[{"name":"wp","href":"https:\/\/api.w.org\/{rel}","templated":true}]}}