{"id":39976,"date":"2019-06-11T15:14:09","date_gmt":"2019-06-11T19:14:09","guid":{"rendered":"https:\/\/linitiative.ca\/International\/ligue-1-2-crb-amrani-parti-pour-rester\/"},"modified":"2019-06-11T15:14:09","modified_gmt":"2019-06-11T19:14:09","slug":"ligue-1-2-crb-amrani-parti-pour-rester","status":"publish","type":"post","link":"https:\/\/linitiative.ca\/International\/ligue-1-2-crb-amrani-parti-pour-rester\/","title":{"rendered":"Ligue 1 &amp; 2 : CRB: Amrani, parti pour rester"},"content":{"rendered":"<div readability=\"32\">\n<p>Auteur : <span>Islam Tazibt<\/span> <span class=\"time\">mardi 11 juin 2019 12:50<\/span><\/p>\n<\/div>\n<div id=\"post_core\" readability=\"105\">\n<p>Le Chabab de Belouizdad a r\u00e9alis\u00e9 une deuxi\u00e8me partie de saison exemplaire. Et Abdelkader Amrani y est pour beaucoup. Le technicien originaire de Tlemcen a, en un laps de temps tr\u00e8s court, m\u00e9tamorphos\u00e9 les Belouizdadis. D\u2019une \u00e9quipe incapable de gagner, il en a fait une machine \u00e0 enchainer les victoires. Naturellement, direction et supporters s\u2019accordent tous \u00e0 souhaiter la continuit\u00e9 de Amrani \u00e0 la t\u00eate de la barre technique. Le technicien lui-m\u00eame souhaite rester, mais pas sans que certaines choses soient r\u00e9gl\u00e9es.<\/p>\n<p><strong>Un nouveau contrat<\/strong><br \/>Comme r\u00e9v\u00e9l\u00e9 par Amrani lui-m\u00eame, le contrat qui le lie au Chabab de Belouizdad a pris fin il y a un peu plus d\u2019une semaine. Autrement dit, il va falloir n\u00e9gocier un nouveau bail, avec bien \u00e9videmment d\u2019autres exigences. Le succ\u00e8s retentissant en Coupe d\u2019Alg\u00e9rie mettra Amrani en position de force. Mais dire que l\u2019argent est le principal souci du coach serait mal le connaitre. Une source proche du staff technique nous a confi\u00e9 que Amrani est plus pr\u00e9occup\u00e9 par certains conflits au sein de la direction que par l\u2019argent. Pour viser plus haut la saison prochaine, notamment en championnat, il souhaite avoir des garanties quant \u00e0 la stabilit\u00e9 de son entourage direct, surtout le maintien de Sa\u00efd Allik.<\/p>\n<p><strong>Il a remis son bilan<\/strong><br \/>D\u2019ailleurs, le technicien belouizdadi s\u2019est r\u00e9uni avec Sa\u00efd Allik, hier en d\u00e9but d\u2019apr\u00e8s-midi pour lui remettre son compte rendu sportif et moral de ses six premiers mois \u00e0 la t\u00eate du Chabab de Belouizdad. Les deux hommes qui entretiennent une relation solide ont aussi \u00e9voqu\u00e9 plusieurs points qui concernent la saison prochaine, \u00e0 savoir le recrutement, la liste des lib\u00e9r\u00e9s ou encore la date de reprise et les stages de pr\u00e9paration. Des indices qui nous montrent bien que Abdelkader Amrani est bien parti pour rester. Sinon, pourquoi avait-il demand\u00e9 \u00e0 ses joueurs, lors du dernier diner tenu au 5-Juillet, de faire attention \u00e0 leur r\u00e9gime alimentaire pendant les vacances tout en leur donnant rendez-vous pour la reprise ?<br \/>\u00a0<\/p>\n<p><strong>Bechou \u00abJ\u2019ai r\u00e9alis\u00e9 un r\u00eave d\u2019enfant\u00bb<\/strong><\/p>\n<p>Quel est votre sentiment apr\u00e8s cette victoire en finale de la Coupe d\u2019Alg\u00e9rie ?<br \/>Tout ce que je dirais ne pourrait traduire r\u00e9ellement ce que je ressens. Franchement, je ne saurais d\u00e9crire toutes les \u00e9motions qui sont en moi. Ma joie est indescriptible. Mon bonheur est incommensurable. Ce n\u2019est pas seulement pour avoir remport\u00e9 la Coupe d\u2019Alg\u00e9rie, mais c\u2019est aussi et surtout de voir la joie sur les visages de nos valeureux supporters. On est vraiment contents et surtout super fiers d\u2019avoir r\u00e9alis\u00e9 cet exploit qui n\u2019a pas \u00e9t\u00e9 facile. Je le d\u00e9die \u00e0 tous ceux qui nous ont aid\u00e9s de pr\u00e8s ou de loin.<br \/><strong>Lors du dernier sacre en 2017, vous \u00e9tiez sur les gradins en tant que supporter du Chabab, et aujourd\u2019hui, vous avez soulev\u00e9 le troph\u00e9e en tant que joueur. C\u2019est une histoire dingue que vous vivez\u2026<\/strong><br \/>Oui, c\u2019est ce que je me disais au moment de soulever le troph\u00e9e. Je garde encore les images et les souvenirs de cet apr\u00e8s-midi du mois de juillet, sur les gradins du 5-Juillet. A l\u2019\u00e9poque, je n\u2019avais pas encore sign\u00e9 au CRB mais je n\u2019ai jamais cach\u00e9 mon amour pour ce club. Aujourd\u2019hui, je d\u00e9fends ses couleurs. Et j\u2019ai m\u00eame remport\u00e9 mon premier titre avec le CRB. C\u2019est un immense honneur pour moi. Je suis tellement fier de porter ces couleurs et de gagner des titres, comme l\u2019ont fait nos pr\u00e9d\u00e9cesseurs. C\u2019est un r\u00eave d\u2019enfant qui se r\u00e9alise.<br \/><strong>Justement, c\u2019est un peu une revanche sur le sort et sur tous ceux qui vous donnaient d\u00e9j\u00e0 en Ligue 2\u2026<\/strong><br \/>Avant de penser \u00e0 prendre une revanche sur ceux qui nous pr\u00e9disaient la rel\u00e9gation, on devrait d\u2019abord \u00eatre \u00e0 la hauteur des couleurs qu\u2019on porte. Comme je viens de le dire, le Chabab de Belouizdad est un club fait pour jouer les premiers r\u00f4les et soulever les troph\u00e9es, non pas pour lutter dans les derni\u00e8res places du classement. Ce qu\u2019on a v\u00e9cu cette ann\u00e9e est juste un accident et Dieu merci, tout s\u2019est bien termin\u00e9. Les grands clubs tombent malades, mais ne meurent jamais.<br \/><strong>Vous attendiez-vous \u00e0 finir la saison avec un titre, notamment apr\u00e8s ce que vous avez v\u00e9cu en d\u00e9but de saison ?<\/strong><br \/>Quand on joue au Chabab de Belouizdad toutes les saisons sont bonnes pour remporter les titres, m\u00eame celles qui commencent tr\u00e8s mal. En 2017 d\u00e9j\u00e0, le club a su revenir tr\u00e8s fort pour soulever la Coupe d\u2019Alg\u00e9rie face \u00e0 l\u2019Entente de S\u00e9tif, une des meilleures \u00e9quipes de l\u2019\u00e9poque. Aujourd\u2019hui encore, on refait presque le m\u00eame sc\u00e9nario : la premi\u00e8re partie de saison est tr\u00e8s difficile. Le CRB est donn\u00e9 pour rel\u00e9gu\u00e9 en Ligue 2 Mobilis, mais on a prouv\u00e9 que ce club a une certaine force de caract\u00e8re.<br \/><strong>Contrairement \u00e0 ce que certains pr\u00e9disaient, \u00e7a n\u2019a pas \u00e9t\u00e9 facile pour vous sur le terrain face \u00e0 la JSMB. N\u2019est-ce pas ?<\/strong><br \/>On s\u2019attendait \u00e0 un match difficile et \u00e7\u2019a \u00e9t\u00e9 le cas. On ne s\u2019est pas laiss\u00e9 berner par ce qui se disait \u00e7\u00e0 et l\u00e0 \u00e0 propos de cette rencontre. Certains estimaient que le CRB avait d\u00e9j\u00e0 gagn\u00e9 la coupe avant m\u00eame de disputer la finale. Ce n\u2019est pas avec cet \u00e9tat d\u2019esprit qu\u2019on allait remporter cette finale. Les membres du staff et la direction nous ont bien mis en garde. M\u00eame nous les joueurs, nous savions que ce serait une erreur que d\u2019aborder le match dans cet \u00e9tat d\u2019esprit.<br \/><strong>A un certain moment, on sentait m\u00eame que la finale vous \u00e9chappait\u2026<\/strong><br \/>Il y a eu pas mal de rebondissements dans cette finale. Il est vrai qu\u2019au retour des vestiaires, la balance penchait l\u00e9g\u00e8rement en faveur de la JSMB. Ils ont connu un moment fort mais on a su reprendre les choses en mains. Les changements apport\u00e9s par notre coach ont eu un effet imm\u00e9diat sur le cours de la partie. Coup sur coup, on a inscrit le premier et le second but qui nous ont permis de remporter cette huiti\u00e8me Coupe d\u2019Alg\u00e9rie.<br \/><strong>Vous avez \u00e9t\u00e9 un des acteurs majeurs de ce retour en force. Comment voyez-vous l\u2019avenir du Chabab la saison prochaine ?<\/strong><br \/>Ces derniers mois, le Chabab de Belouizdad a connu plusieurs changements majeurs, notamment au niveau de la direction. L\u2019\u00e9quipe qui est en place a su insuffler un nouvel \u00e9tat d\u2019esprit et d\u00e9clencher le renouveau. Le club est sur le bon chemin et les r\u00e9sultats d\u00e9croch\u00e9s depuis la venue de Madar, Allik et Amrani, entre autres, sont l\u00e0 pour le prouver. J\u2019esp\u00e8re de tout c\u0153ur que les choses continueront dans ce sens car le Chabab de Belouizdad ne m\u00e9rite pas de vivre des moments comme ceux du d\u00e9but de saison.<br \/><strong>Un dernier mot pour les supporters ?<\/strong><br \/>Je tiens \u00e0 les remercier pour tout ce qu\u2019ils nous ont apport\u00e9 depuis le d\u00e9but de la saison jusqu\u2019\u00e0 cette finale \u00e0 Blida. Ils ont toujours \u00e9t\u00e9 l\u00e0 pour nous. C\u2019est pourquoi j\u2019estime que cette victoire en Coupe d\u2019Alg\u00e9rie, c\u2019est aussi en partie gr\u00e2ce \u00e0 eux. Ils sont la premi\u00e8re force du club.<br \/>\u00a0<\/p>\n<p><strong>Publi\u00e9 dans :<\/strong> <span>CRB<\/span> <span>BACHOU<\/span><\/p>\n<\/div>\n<p>Auteur:<br \/>\n<a href=\"http:\/\/www.lebuteur.com\/article\/detail?titre=crb-amrani-parti-pour-rester&#038;id=89478&#038;utm_source=feedburner&#038;utm_medium=feed&#038;utm_campaign=Feed%3A+GalerieFArtciles+%28Les+derniers+articles++-+lebuteur.com%29\">Cliquez ici pour lire l&rsquo;article depuis sa source.<\/a><\/p>\n","protected":false},"excerpt":{"rendered":"<p>Auteur : Islam Tazibt mardi 11 juin 2019 12:50 Le Chabab de Belouizdad a r\u00e9alis\u00e9 une deuxi\u00e8me partie de saison exemplaire. Et Abdelkader Amrani y est pour beaucoup. Le technicien originaire de Tlemcen a, en un laps de temps tr\u00e8s court, m\u00e9tamorphos\u00e9 les Belouizdadis. D\u2019une \u00e9quipe incapable de gagner, il en a fait une machine [&hellip;]<\/p>\n","protected":false},"author":1738,"featured_media":39977,"comment_status":"closed","ping_status":"closed","sticky":false,"template":"","format":"standard","meta":{"fifu_image_url":"","fifu_image_alt":"","footnotes":""},"categories":[53,75],"tags":[],"class_list":["post-39976","post","type-post","status-publish","format-standard","has-post-thumbnail","hentry","category-algerie","category-sport"],"_links":{"self":[{"href":"https:\/\/linitiative.ca\/International\/wp-json\/wp\/v2\/posts\/39976","targetHints":{"allow":["GET"]}}],"collection":[{"href":"https:\/\/linitiative.ca\/International\/wp-json\/wp\/v2\/posts"}],"about":[{"href":"https:\/\/linitiative.ca\/International\/wp-json\/wp\/v2\/types\/post"}],"author":[{"embeddable":true,"href":"https:\/\/linitiative.ca\/International\/wp-json\/wp\/v2\/users\/1738"}],"replies":[{"embeddable":true,"href":"https:\/\/linitiative.ca\/International\/wp-json\/wp\/v2\/comments?post=39976"}],"version-history":[{"count":0,"href":"https:\/\/linitiative.ca\/International\/wp-json\/wp\/v2\/posts\/39976\/revisions"}],"wp:featuredmedia":[{"embeddable":true,"href":"https:\/\/linitiative.ca\/International\/wp-json\/"}],"wp:attachment":[{"href":"https:\/\/linitiative.ca\/International\/wp-json\/wp\/v2\/media?parent=39976"}],"wp:term":[{"taxonomy":"category","embeddable":true,"href":"https:\/\/linitiative.ca\/International\/wp-json\/wp\/v2\/categories?post=39976"},{"taxonomy":"post_tag","embeddable":true,"href":"https:\/\/linitiative.ca\/International\/wp-json\/wp\/v2\/tags?post=39976"}],"curies":[{"name":"wp","href":"https:\/\/api.w.org\/{rel}","templated":true}]}}