{"id":39978,"date":"2019-06-11T15:14:10","date_gmt":"2019-06-11T19:14:10","guid":{"rendered":"https:\/\/linitiative.ca\/International\/international-barca-les-aveux-de-coutinho\/"},"modified":"2019-06-11T15:14:10","modified_gmt":"2019-06-11T19:14:10","slug":"international-barca-les-aveux-de-coutinho","status":"publish","type":"post","link":"https:\/\/linitiative.ca\/International\/international-barca-les-aveux-de-coutinho\/","title":{"rendered":"International : Bar\u00e7a : Les aveux de Coutinho"},"content":{"rendered":"<div readability=\"32\">\n<p>Auteur : <span class=\"time\">mardi 11 juin 2019 13:03<\/span><\/p>\n<\/div>\n<div id=\"post_core\" readability=\"48\">\n<p>Le joueur br\u00e9silien n&rsquo;a jamais r\u00e9ussi \u00e0 faire taire les critiques de ses supporters, en particulier apr\u00e8s l&rsquo;\u00e9limination en Ligue des champions contre son ancien club de Liverpool :<\/p>\n<p>\u00ab\u00a0Je n&rsquo;ai pas fait une bonne saison, a-t-il reconnu. Mes performances ont \u00e9t\u00e9 bien pires que ce \u00e0 quoi je m&rsquo;attendais. La seule fa\u00e7on de m&rsquo;am\u00e9liorer et de gagner de la confiance est de travailler dur, et j&rsquo;ai travaill\u00e9 dur.\u00a0\u00bb Des propos relay\u00e9s par Goal.<\/p>\n<p>L&rsquo;objectif pour Coutinho sera de voir ces am\u00e9liorations arriver rapidement alors que se profile la Copa America avec le Br\u00e9sil. Une comp\u00e9tition lors de laquelle il devra tenir un r\u00f4le de leader avec une Sele\u00e7ao \u00e0 la recherche de son premier troph\u00e9e depuis 2007, d&rsquo;autant plus avec le forfait de Neymar.<\/p>\n<p><strong>Publi\u00e9 dans :<\/strong> <span>fc barcelone<\/span><\/p>\n<\/div>\n<p>Auteur:<br \/>\n<a href=\"http:\/\/www.lebuteur.com\/article\/detail?titre=barca-les-aveux-de-coutinho&#038;id=89496&#038;utm_source=feedburner&#038;utm_medium=feed&#038;utm_campaign=Feed%3A+GalerieFArtciles+%28Les+derniers+articles++-+lebuteur.com%29\">Cliquez ici pour lire l&rsquo;article depuis sa source.<\/a><\/p>\n","protected":false},"excerpt":{"rendered":"<p>Auteur : mardi 11 juin 2019 13:03 Le joueur br\u00e9silien n&rsquo;a jamais r\u00e9ussi \u00e0 faire taire les critiques de ses supporters, en particulier apr\u00e8s l&rsquo;\u00e9limination en Ligue des champions contre son ancien club de Liverpool : \u00ab\u00a0Je n&rsquo;ai pas fait une bonne saison, a-t-il reconnu. Mes performances ont \u00e9t\u00e9 bien pires que ce \u00e0 quoi [&hellip;]<\/p>\n","protected":false},"author":1738,"featured_media":39979,"comment_status":"closed","ping_status":"closed","sticky":false,"template":"","format":"standard","meta":{"fifu_image_url":"","fifu_image_alt":"","footnotes":""},"categories":[53,75],"tags":[],"class_list":["post-39978","post","type-post","status-publish","format-standard","has-post-thumbnail","hentry","category-algerie","category-sport"],"_links":{"self":[{"href":"https:\/\/linitiative.ca\/International\/wp-json\/wp\/v2\/posts\/39978","targetHints":{"allow":["GET"]}}],"collection":[{"href":"https:\/\/linitiative.ca\/International\/wp-json\/wp\/v2\/posts"}],"about":[{"href":"https:\/\/linitiative.ca\/International\/wp-json\/wp\/v2\/types\/post"}],"author":[{"embeddable":true,"href":"https:\/\/linitiative.ca\/International\/wp-json\/wp\/v2\/users\/1738"}],"replies":[{"embeddable":true,"href":"https:\/\/linitiative.ca\/International\/wp-json\/wp\/v2\/comments?post=39978"}],"version-history":[{"count":0,"href":"https:\/\/linitiative.ca\/International\/wp-json\/wp\/v2\/posts\/39978\/revisions"}],"wp:featuredmedia":[{"embeddable":true,"href":"https:\/\/linitiative.ca\/International\/wp-json\/"}],"wp:attachment":[{"href":"https:\/\/linitiative.ca\/International\/wp-json\/wp\/v2\/media?parent=39978"}],"wp:term":[{"taxonomy":"category","embeddable":true,"href":"https:\/\/linitiative.ca\/International\/wp-json\/wp\/v2\/categories?post=39978"},{"taxonomy":"post_tag","embeddable":true,"href":"https:\/\/linitiative.ca\/International\/wp-json\/wp\/v2\/tags?post=39978"}],"curies":[{"name":"wp","href":"https:\/\/api.w.org\/{rel}","templated":true}]}}