{"id":39980,"date":"2019-06-11T15:14:12","date_gmt":"2019-06-11T19:14:12","guid":{"rendered":"https:\/\/linitiative.ca\/International\/afrique-can-2019-le-mali-toujours-menace-de-disqualification\/"},"modified":"2019-06-11T15:14:12","modified_gmt":"2019-06-11T19:14:12","slug":"afrique-can-2019-le-mali-toujours-menace-de-disqualification","status":"publish","type":"post","link":"https:\/\/linitiative.ca\/International\/afrique-can-2019-le-mali-toujours-menace-de-disqualification\/","title":{"rendered":"Afrique : CAN 2019 : Le Mali toujours menac\u00e9 de disqualification"},"content":{"rendered":"<div readability=\"32\">\n<p>Auteur : <span class=\"time\">mardi 11 juin 2019 13:03<\/span><\/p>\n<\/div>\n<div id=\"post_core\" readability=\"43\">\n<p>La F\u00e9d\u00e9ration malienne laiss\u00e9e en ing\u00e9rence depuis plus de deux ans maintenant par la FIFA pourrait causer du tort \u00e0 l&rsquo;attaquant nantais Kalifa Koulibaly et sa bande, et les priver de l&rsquo;\u00e9ch\u00e9ance majeure de cette fin d&rsquo;ann\u00e9e comme l&rsquo;indique Maxifoot.<\/p>\n<p>Dans le cas o\u00f9 ils seraient exclus, deux possibilit\u00e9s se pr\u00e9sentent pour la CAF. Soit le Mali n&rsquo;est pas remplac\u00e9 et donc l&rsquo;Angola, la Mauritanie et la Tunisie se disputeront deux billets pour les 8e de finale du tournoi. Ou bien, la conf\u00e9d\u00e9ration peut rep\u00eacher une nation parmi lesquelles le Gabon de Pierre-Eymeric Aubameyang ou le Burkina Faso de Bertrand Traor\u00e9.<\/p>\n<p><strong>Publi\u00e9 dans :<\/strong> <span>CAN 2019<\/span><\/p>\n<\/div>\n<p>Auteur:<br \/>\n<a href=\"http:\/\/www.lebuteur.com\/article\/detail?titre=can-2019-le-mali-toujours-menace-de-disqualification&#038;id=89497&#038;utm_source=feedburner&#038;utm_medium=feed&#038;utm_campaign=Feed%3A+GalerieFArtciles+%28Les+derniers+articles++-+lebuteur.com%29\">Cliquez ici pour lire l&rsquo;article depuis sa source.<\/a><\/p>\n","protected":false},"excerpt":{"rendered":"<p>Auteur : mardi 11 juin 2019 13:03 La F\u00e9d\u00e9ration malienne laiss\u00e9e en ing\u00e9rence depuis plus de deux ans maintenant par la FIFA pourrait causer du tort \u00e0 l&rsquo;attaquant nantais Kalifa Koulibaly et sa bande, et les priver de l&rsquo;\u00e9ch\u00e9ance majeure de cette fin d&rsquo;ann\u00e9e comme l&rsquo;indique Maxifoot. Dans le cas o\u00f9 ils seraient exclus, deux [&hellip;]<\/p>\n","protected":false},"author":1738,"featured_media":39981,"comment_status":"closed","ping_status":"closed","sticky":false,"template":"","format":"standard","meta":{"fifu_image_url":"","fifu_image_alt":"","footnotes":""},"categories":[53,75],"tags":[],"class_list":["post-39980","post","type-post","status-publish","format-standard","has-post-thumbnail","hentry","category-algerie","category-sport"],"_links":{"self":[{"href":"https:\/\/linitiative.ca\/International\/wp-json\/wp\/v2\/posts\/39980","targetHints":{"allow":["GET"]}}],"collection":[{"href":"https:\/\/linitiative.ca\/International\/wp-json\/wp\/v2\/posts"}],"about":[{"href":"https:\/\/linitiative.ca\/International\/wp-json\/wp\/v2\/types\/post"}],"author":[{"embeddable":true,"href":"https:\/\/linitiative.ca\/International\/wp-json\/wp\/v2\/users\/1738"}],"replies":[{"embeddable":true,"href":"https:\/\/linitiative.ca\/International\/wp-json\/wp\/v2\/comments?post=39980"}],"version-history":[{"count":0,"href":"https:\/\/linitiative.ca\/International\/wp-json\/wp\/v2\/posts\/39980\/revisions"}],"wp:featuredmedia":[{"embeddable":true,"href":"https:\/\/linitiative.ca\/International\/wp-json\/"}],"wp:attachment":[{"href":"https:\/\/linitiative.ca\/International\/wp-json\/wp\/v2\/media?parent=39980"}],"wp:term":[{"taxonomy":"category","embeddable":true,"href":"https:\/\/linitiative.ca\/International\/wp-json\/wp\/v2\/categories?post=39980"},{"taxonomy":"post_tag","embeddable":true,"href":"https:\/\/linitiative.ca\/International\/wp-json\/wp\/v2\/tags?post=39980"}],"curies":[{"name":"wp","href":"https:\/\/api.w.org\/{rel}","templated":true}]}}