{"id":39982,"date":"2019-06-11T15:14:13","date_gmt":"2019-06-11T19:14:13","guid":{"rendered":"https:\/\/linitiative.ca\/International\/equipe-dalgerie-oukidja-une-tres-tres-bonne-premiere-semaine\/"},"modified":"2019-06-11T15:14:13","modified_gmt":"2019-06-11T19:14:13","slug":"equipe-dalgerie-oukidja-une-tres-tres-bonne-premiere-semaine","status":"publish","type":"post","link":"https:\/\/linitiative.ca\/International\/equipe-dalgerie-oukidja-une-tres-tres-bonne-premiere-semaine\/","title":{"rendered":"Equipe d&rsquo;Alg\u00e9rie : Oukidja : \u00ab\u00a0Une tr\u00e8s tr\u00e8s bonne premi\u00e8re semaine\u00a0\u00bb"},"content":{"rendered":"<div readability=\"32\">\n<p>Auteur : <span class=\"time\">mardi 11 juin 2019 13:38<\/span><\/p>\n<\/div>\n<div id=\"post_core\" readability=\"46\">\n<p>A l&rsquo;occasion d&rsquo;un entretien accord\u00e9 au site officiel de la FAF, le portier du FC Metz est revenu sur le d\u00e9but de stage de l&rsquo;\u00e9quipe nationale en vue de pr\u00e9parer la CAN 2019 :<\/p>\n<p>\u00ab\u00a0Franchement c\u2019est un tr\u00e8s bon stage o\u00f9 on a eu l\u2019occasion de bien travailler. Pour certains joueurs il s\u2019agissait de leur premier passage \u00e0 Sidi Moussa o\u00f9 ils ont appris \u00e0 connaitre le groupe. Dans l\u2019ensemble l\u2019ambiance et tr\u00e8s bonne et tous les joueurs sont regroup\u00e9s autour d\u2019un m\u00eame objectif. On a bien travaill\u00e9 avec les coachs Djamel et Aziz donc c\u2019\u00e9tait une tr\u00e8s tr\u00e8s bonne semaine\u00a0\u00bb.<\/p>\n<p>Oukidja est ensuite revenu sur son adaptation \u00e0 la forte chaleur qui r\u00e8gne au Qatar\u00a0: \u00ab\u00a0C\u2019est vrai que la chaleur on l\u2019a senti d\u2019embl\u00e9e \u00e0 notre arriv\u00e9e \u00e0 Doha, mais \u00e0 l\u2019entrainement je m\u2019attendais \u00e0 ce qu\u2019il fasse plus chaud que \u00e7a. On a r\u00e9ussi \u00e0 s\u2019adapter \u00e0 la temp\u00e9rature. L\u2019avantage aussi c\u2019est qu\u2019on s\u2019entraine le soir pour que l\u2019organisme soit au maximum de ses capacit\u00e9s. Pour moi qui \u00e9volue en France o\u00f9 les temp\u00e9ratures n\u2019exc\u00e8dent pas les 30 degr\u00e9s il s\u2019agit d\u2019une premi\u00e8re. L\u00e0, on est sur du 40 degr\u00e9s donc il faut s\u2019adapter et on a le staff technique qui s\u2019occupe bien de \u00e7a\u00a0\u00bb.<\/p>\n<p><strong>Publi\u00e9 dans :<\/strong> <span>algerie<\/span><\/p>\n<\/div>\n<p>Auteur:<br \/>\n<a href=\"http:\/\/www.lebuteur.com\/article\/detail?titre=oukidja-une-tres-tres-bonne-premiere-semaine&#038;id=89498&#038;utm_source=feedburner&#038;utm_medium=feed&#038;utm_campaign=Feed%3A+GalerieFArtciles+%28Les+derniers+articles++-+lebuteur.com%29\">Cliquez ici pour lire l&rsquo;article depuis sa source.<\/a><\/p>\n","protected":false},"excerpt":{"rendered":"<p>Auteur : mardi 11 juin 2019 13:38 A l&rsquo;occasion d&rsquo;un entretien accord\u00e9 au site officiel de la FAF, le portier du FC Metz est revenu sur le d\u00e9but de stage de l&rsquo;\u00e9quipe nationale en vue de pr\u00e9parer la CAN 2019 : \u00ab\u00a0Franchement c\u2019est un tr\u00e8s bon stage o\u00f9 on a eu l\u2019occasion de bien travailler. [&hellip;]<\/p>\n","protected":false},"author":1738,"featured_media":39983,"comment_status":"closed","ping_status":"closed","sticky":false,"template":"","format":"standard","meta":{"fifu_image_url":"","fifu_image_alt":"","footnotes":""},"categories":[53,75],"tags":[],"class_list":["post-39982","post","type-post","status-publish","format-standard","has-post-thumbnail","hentry","category-algerie","category-sport"],"_links":{"self":[{"href":"https:\/\/linitiative.ca\/International\/wp-json\/wp\/v2\/posts\/39982","targetHints":{"allow":["GET"]}}],"collection":[{"href":"https:\/\/linitiative.ca\/International\/wp-json\/wp\/v2\/posts"}],"about":[{"href":"https:\/\/linitiative.ca\/International\/wp-json\/wp\/v2\/types\/post"}],"author":[{"embeddable":true,"href":"https:\/\/linitiative.ca\/International\/wp-json\/wp\/v2\/users\/1738"}],"replies":[{"embeddable":true,"href":"https:\/\/linitiative.ca\/International\/wp-json\/wp\/v2\/comments?post=39982"}],"version-history":[{"count":0,"href":"https:\/\/linitiative.ca\/International\/wp-json\/wp\/v2\/posts\/39982\/revisions"}],"wp:featuredmedia":[{"embeddable":true,"href":"https:\/\/linitiative.ca\/International\/wp-json\/"}],"wp:attachment":[{"href":"https:\/\/linitiative.ca\/International\/wp-json\/wp\/v2\/media?parent=39982"}],"wp:term":[{"taxonomy":"category","embeddable":true,"href":"https:\/\/linitiative.ca\/International\/wp-json\/wp\/v2\/categories?post=39982"},{"taxonomy":"post_tag","embeddable":true,"href":"https:\/\/linitiative.ca\/International\/wp-json\/wp\/v2\/tags?post=39982"}],"curies":[{"name":"wp","href":"https:\/\/api.w.org\/{rel}","templated":true}]}}