{"id":39984,"date":"2019-06-11T15:14:15","date_gmt":"2019-06-11T19:14:15","guid":{"rendered":"https:\/\/linitiative.ca\/International\/international-man-utd-refuse-une-offre-dechange-pour-lukaku\/"},"modified":"2019-06-11T15:14:15","modified_gmt":"2019-06-11T19:14:15","slug":"international-man-utd-refuse-une-offre-dechange-pour-lukaku","status":"publish","type":"post","link":"https:\/\/linitiative.ca\/International\/international-man-utd-refuse-une-offre-dechange-pour-lukaku\/","title":{"rendered":"International : Man Utd refuse une offre d\u2019\u00e9change pour Lukaku"},"content":{"rendered":"<div readability=\"32\">\n<p>Auteur : <span class=\"time\">mardi 11 juin 2019 14:30<\/span><\/p>\n<\/div>\n<div id=\"post_core\" readability=\"38\">\n<p>Antonio Conte r\u00eave d\u2019attirer Romelu Lukaku dans ses filets lors du mercato estival. Selon le quotidien The Sun et Les-Transferts, l\u2019Inter Milan a formul\u00e9 une offre pour le buteur belge. Le pensionnaire de Serie A aurait propos\u00e9 une somme d\u2019argent en plus d\u2019Ivan Perisic. Un \u00e9change refus\u00e9 par les Mancuniens qui pr\u00e9f\u00e9reraient du cash. Les Nerrazzuri vont devoir revoir leur proposition pour convaincre les Red Devils qui r\u00e9clament 90 millions d\u2019euros.<\/p>\n<p><strong>Publi\u00e9 dans :<\/strong> <span>Man Utd<\/span> <span>Lukaku<\/span><\/p>\n<\/div>\n<p>Auteur:<br \/>\n<a href=\"http:\/\/www.lebuteur.com\/article\/detail?titre=man-utd-refuse-une-offre-dechange-pour-lukaku&#038;id=89499&#038;utm_source=feedburner&#038;utm_medium=feed&#038;utm_campaign=Feed%3A+GalerieFArtciles+%28Les+derniers+articles++-+lebuteur.com%29\">Cliquez ici pour lire l&rsquo;article depuis sa source.<\/a><\/p>\n","protected":false},"excerpt":{"rendered":"<p>Auteur : mardi 11 juin 2019 14:30 Antonio Conte r\u00eave d\u2019attirer Romelu Lukaku dans ses filets lors du mercato estival. Selon le quotidien The Sun et Les-Transferts, l\u2019Inter Milan a formul\u00e9 une offre pour le buteur belge. Le pensionnaire de Serie A aurait propos\u00e9 une somme d\u2019argent en plus d\u2019Ivan Perisic. Un \u00e9change refus\u00e9 par [&hellip;]<\/p>\n","protected":false},"author":1738,"featured_media":39985,"comment_status":"closed","ping_status":"closed","sticky":false,"template":"","format":"standard","meta":{"fifu_image_url":"","fifu_image_alt":"","footnotes":""},"categories":[53,75],"tags":[],"class_list":["post-39984","post","type-post","status-publish","format-standard","has-post-thumbnail","hentry","category-algerie","category-sport"],"_links":{"self":[{"href":"https:\/\/linitiative.ca\/International\/wp-json\/wp\/v2\/posts\/39984","targetHints":{"allow":["GET"]}}],"collection":[{"href":"https:\/\/linitiative.ca\/International\/wp-json\/wp\/v2\/posts"}],"about":[{"href":"https:\/\/linitiative.ca\/International\/wp-json\/wp\/v2\/types\/post"}],"author":[{"embeddable":true,"href":"https:\/\/linitiative.ca\/International\/wp-json\/wp\/v2\/users\/1738"}],"replies":[{"embeddable":true,"href":"https:\/\/linitiative.ca\/International\/wp-json\/wp\/v2\/comments?post=39984"}],"version-history":[{"count":0,"href":"https:\/\/linitiative.ca\/International\/wp-json\/wp\/v2\/posts\/39984\/revisions"}],"wp:featuredmedia":[{"embeddable":true,"href":"https:\/\/linitiative.ca\/International\/wp-json\/"}],"wp:attachment":[{"href":"https:\/\/linitiative.ca\/International\/wp-json\/wp\/v2\/media?parent=39984"}],"wp:term":[{"taxonomy":"category","embeddable":true,"href":"https:\/\/linitiative.ca\/International\/wp-json\/wp\/v2\/categories?post=39984"},{"taxonomy":"post_tag","embeddable":true,"href":"https:\/\/linitiative.ca\/International\/wp-json\/wp\/v2\/tags?post=39984"}],"curies":[{"name":"wp","href":"https:\/\/api.w.org\/{rel}","templated":true}]}}