{"id":39990,"date":"2019-06-11T15:14:19","date_gmt":"2019-06-11T19:14:19","guid":{"rendered":"https:\/\/linitiative.ca\/International\/afrique-can-2019-les-23-du-maroc\/"},"modified":"2019-06-11T15:14:19","modified_gmt":"2019-06-11T19:14:19","slug":"afrique-can-2019-les-23-du-maroc","status":"publish","type":"post","link":"https:\/\/linitiative.ca\/International\/afrique-can-2019-les-23-du-maroc\/","title":{"rendered":"Afrique : CAN 2019: les 23 du Maroc"},"content":{"rendered":"<div readability=\"32\">\n<p>Auteur : <span class=\"time\">mardi 11 juin 2019 16:26<\/span><\/p>\n<\/div>\n<div id=\"post_core\" readability=\"101\">\n<p>La Coupe d\u2019Afrique des Nations ouvrira ses portes le 21 juin et se d\u00e9roulera en \u00c9gypte. Les \u00e9quipes nationales annoncent peu \u00e0 peu les 23 joueurs qui feront le d\u00e9placement pour affronter les autres nations africaines. Ce mardi, c\u2019est au tour d\u2019Herv\u00e9 Renard, le s\u00e9lectionneur du Maroc, de nous offrir sa liste de joueurs convoqu\u00e9s. Petite surprise, on ne retrouve pas Amin Harit, le joueur de Schalke 04, visiblement \u00e9cart\u00e9. Hakim Zyiech, lui, est bien l\u00e0, tout comme Fay\u00e7al Fajr, le joueur de Caen rapporte Foot Mercato.<\/p>\n<p>La liste compl\u00e8te.<\/p>\n<p>&#8211; Gardiens : Munir El Kajaoui (Malaga, ESP), Yassine Bounou (G\u00e9rone, ESP), Reda Tagnaouiti (Wydad).<\/p>\n<p>&#8211; Defenseurs : Manuel Da Costa (Al Ittihad, ARS), Romain Saiss (Wolverhampton, ANG), Yunis Abdelhamid (Reims, FRA), Medhi Benatia (Al Duhail, QAT), Achraf Hakimi (Dortmund, ALL), Noussair Mazraoui (Ajax, P-B), Nabil Dirar (Fenerbah\u00e7e, TUR).<\/p>\n<p>&#8211; Milieux : Karim El Ahmadi (Al Ittihad, ARS), Youssef Ait Bennasser (AS Monaco, FRA), Mehdi Bourabia (Sassuolo, ITA), Mbark Boussoufa (Al Shabab, ARS), Younes Belhanda (Galatasaray, TUR), Fay\u00e7al Fajr (Caen, FRA), Hakim Ziyech (Ajax, P-B).<\/p>\n<p>&#8211; Attaquants : Youssef En-Nesyri (Leganes, ESP), Sofiane Boufal (Celta Vigo, ESP), Abderrazzak Hamdallah (Al Nassr, ARS), Noureddine Amrabat (Al Nassr, ARS), Khalid Boutaib (Zamalek, EGY), Oussama Idrissi (AZ Alkmaar, P-B).<\/p>\n<p><strong>Publi\u00e9 dans :<\/strong> <span>maroc<\/span><\/p>\n<\/div>\n<p>Auteur:<br \/>\n<a href=\"http:\/\/www.lebuteur.com\/article\/detail?titre=can-2019-les-23-du-maroc&#038;id=89502&#038;utm_source=feedburner&#038;utm_medium=feed&#038;utm_campaign=Feed%3A+GalerieFArtciles+%28Les+derniers+articles++-+lebuteur.com%29\">Cliquez ici pour lire l&rsquo;article depuis sa source.<\/a><\/p>\n","protected":false},"excerpt":{"rendered":"<p>Auteur : mardi 11 juin 2019 16:26 La Coupe d\u2019Afrique des Nations ouvrira ses portes le 21 juin et se d\u00e9roulera en \u00c9gypte. Les \u00e9quipes nationales annoncent peu \u00e0 peu les 23 joueurs qui feront le d\u00e9placement pour affronter les autres nations africaines. Ce mardi, c\u2019est au tour d\u2019Herv\u00e9 Renard, le s\u00e9lectionneur du Maroc, de [&hellip;]<\/p>\n","protected":false},"author":1738,"featured_media":39991,"comment_status":"closed","ping_status":"closed","sticky":false,"template":"","format":"standard","meta":{"fifu_image_url":"","fifu_image_alt":"","footnotes":""},"categories":[53,75],"tags":[],"class_list":["post-39990","post","type-post","status-publish","format-standard","has-post-thumbnail","hentry","category-algerie","category-sport"],"_links":{"self":[{"href":"https:\/\/linitiative.ca\/International\/wp-json\/wp\/v2\/posts\/39990","targetHints":{"allow":["GET"]}}],"collection":[{"href":"https:\/\/linitiative.ca\/International\/wp-json\/wp\/v2\/posts"}],"about":[{"href":"https:\/\/linitiative.ca\/International\/wp-json\/wp\/v2\/types\/post"}],"author":[{"embeddable":true,"href":"https:\/\/linitiative.ca\/International\/wp-json\/wp\/v2\/users\/1738"}],"replies":[{"embeddable":true,"href":"https:\/\/linitiative.ca\/International\/wp-json\/wp\/v2\/comments?post=39990"}],"version-history":[{"count":0,"href":"https:\/\/linitiative.ca\/International\/wp-json\/wp\/v2\/posts\/39990\/revisions"}],"wp:featuredmedia":[{"embeddable":true,"href":"https:\/\/linitiative.ca\/International\/wp-json\/"}],"wp:attachment":[{"href":"https:\/\/linitiative.ca\/International\/wp-json\/wp\/v2\/media?parent=39990"}],"wp:term":[{"taxonomy":"category","embeddable":true,"href":"https:\/\/linitiative.ca\/International\/wp-json\/wp\/v2\/categories?post=39990"},{"taxonomy":"post_tag","embeddable":true,"href":"https:\/\/linitiative.ca\/International\/wp-json\/wp\/v2\/tags?post=39990"}],"curies":[{"name":"wp","href":"https:\/\/api.w.org\/{rel}","templated":true}]}}