{"id":39995,"date":"2019-06-10T19:00:00","date_gmt":"2019-06-10T23:00:00","guid":{"rendered":"https:\/\/linitiative.ca\/International\/corruption-mahieddine-tahkout-place-en-detention-provisoire\/"},"modified":"2019-06-10T19:00:00","modified_gmt":"2019-06-10T23:00:00","slug":"corruption-mahieddine-tahkout-place-en-detention-provisoire","status":"publish","type":"post","link":"https:\/\/linitiative.ca\/International\/corruption-mahieddine-tahkout-place-en-detention-provisoire\/","title":{"rendered":"Corruption : Mahieddine Tahkout plac\u00e9 en d\u00e9tention provisoire"},"content":{"rendered":"<p><strong>Apr\u00e8s plusieurs heures d\u2019audition, Mahieddine Tahkout a \u00e9t\u00e9 finalement plac\u00e9, t\u00f4t dans la matin\u00e9e d\u2019hier, en d\u00e9tention provisoire par le juge d\u2019instruction du tribunal correctionnel de Sidi M\u2019hamed pr\u00e8s la Cour d\u2019Alger. Une d\u00e9cision qui a concern\u00e9 \u00e9galement\u00a0<\/strong> <strong>des membres de sa famille, dont deux de ses fr\u00e8res ainsi qu\u2019un de ses fils r\u00e9pondant aux initiales de B.T.<\/strong><\/p>\n<p>Soup\u00e7onn\u00e9 de malversations, l\u2019homme d\u2019affaires est poursuivi, selon son avocat, pour blanchiment d\u2019argent, de d\u00e9tournements et d\u2019obtention d\u2019indus privil\u00e8ges suite \u00e0 l\u2019attribution \u00abdouteuse\u00bb de plusieurs march\u00e9s publics. Me Bourayou a indiqu\u00e9 dans une d\u00e9claration \u00e0 la presse qu\u2019il va faire appel de cette d\u00e9cision et a affirm\u00e9 au passage que son client a ni\u00e9 les accusations port\u00e9es contre lui en pr\u00e9cisant devant le juge d\u2019instruction que tout ce qu\u2019il entreprenait \u00e9tait dans un cadre l\u00e9gal, avec le respect des proc\u00e9dures tels les avis d\u2019appels d\u2019offres.<br \/>Des dizaines de cadres de l\u2019Office national des \u0153uvres universitaires (ONOU), de l\u2019entreprise de transport urbain et suburbain d\u2019Alger (ETUSA) et de l\u2019Agence nationale du d\u00e9veloppement de l\u2019investissement (ANDI), sont \u00e0 ce sujet impliqu\u00e9s dans ces affaires portant notamment sur la location des bus de Tahkout pour le transports des \u00e9tudiants et d\u2019autres au profit de l\u2019ex-RSTA, sans oublier d\u2019autres dossiers relatifs \u00e0 Cima Motors, la soci\u00e9t\u00e9 du principal accus\u00e9.\u00a0\u00a0 Apr\u00e8s avoir entendu les concern\u00e9s, le juge d\u2019instruction a ordonn\u00e9 la mise en d\u00e9tention provisoire du directeur des transports de la wilaya d\u2019Alger, Rachid O., et d\u2019un de ses cadres, de l\u2019ex-directeur g\u00e9n\u00e9ral de l\u2019ETUSA, Abdelkader B. et de l\u2019ancien directeur des \u0153uvres sociales Alger-Est, ainsi que de nombreux cadres de l\u2019ONOU et de l\u2019ETUSA.<br \/>Les auditions se poursuivent et l\u2019on parle \u00e0 ce propos de plus de 130 personnes qui seront auditionn\u00e9s par la justice. Mais en l\u2019absence de toute information officielle (aucun communiqu\u00e9 de presse ni point de presse du parquet de Sidi M\u2019hamed), les journalistes se contentaient de se r\u00e9f\u00e9rer \u00e0 d\u2019autres sources judiciaires. \u00a0<br \/>A rappeler que plusieurs hauts fonctionnaires ont comparu la veille pour ce dossier de Tahkout, dont l\u2019ex-Premier ministre, Ahmed Ouyahia, d\u2019anciens ministres et d\u2019ex-walis parmi lesquels, Abdelkader Zoukh, l\u2019ancien wali d\u2019Alger. Ils ont tous quitt\u00e9 le tribunal libres.<br \/>Il faut savoir que le groupe Tahkout emploie quelque 14.600 travailleurs \u00e0 travers ses nombreuses filiales. D\u00e9tenteur exclusif depuis une vingtaine d\u2019ann\u00e9es du transport universitaire dans plusieurs r\u00e9gions du pays, l\u2019homme d\u2019affaires a obtenu \u00e0 Alger, en 2015, l\u2019exploitation des lignes pour le transport urbain.\u00a0 A la fin de l\u2019ann\u00e9e 2018, un march\u00e9 se chiffrant \u00e0 coups de milliards de dinars est sign\u00e9 entre Tahkout et l\u2019ETUSA pour la location de 300 bus de 30 \u00e0 100 places.<br \/>Entre-temps, le groupe Tahkout a prosp\u00e9r\u00e9 \u00e0 travers Cima Motors, un concessionnaire multimarques qui a \u00e9t\u00e9 longtemps repr\u00e9sentant et distributeur officiel de plusieurs marques de renomm\u00e9e mondiale dont Hyundai, Opel, Chevrolet, Suzuki, Fiat, Fiat Professional, Jeep et Alfa Romeo. En 2016, Tahkout a lanc\u00e9 \u2018\u2018Global Motors Industries\u2019\u2019 (GMI), une filiale qui d\u00e9tient, \u00e0 Batna, l\u2019usine d\u2019assemblage de la marque Hyundai.<br \/>Dans le monde audiovisuel, Mahieddine Tahkout a rachet\u00e9 des parts dans la cha\u00eene de t\u00e9l\u00e9vision NUMIDIA TV.<br \/>S. A. M.<\/p>\n<p>Auteur: elmoudjahid<br \/>\n<a href=\"http:\/\/www.elmoudjahid.com\/fr\/actualites\/137945\">Cliquez ici pour lire l&rsquo;article depuis sa source.<\/a><\/p>\n","protected":false},"excerpt":{"rendered":"<p>Apr\u00e8s plusieurs heures d\u2019audition, Mahieddine Tahkout a \u00e9t\u00e9 finalement plac\u00e9, t\u00f4t dans la matin\u00e9e d\u2019hier, en d\u00e9tention provisoire par le juge d\u2019instruction du tribunal correctionnel de Sidi M\u2019hamed pr\u00e8s la Cour d\u2019Alger. Une d\u00e9cision qui a concern\u00e9 \u00e9galement\u00a0 des membres de sa famille, dont deux de ses fr\u00e8res ainsi qu\u2019un de ses fils r\u00e9pondant aux [&hellip;]<\/p>\n","protected":false},"author":1744,"featured_media":0,"comment_status":"closed","ping_status":"closed","sticky":false,"template":"","format":"standard","meta":{"fifu_image_url":"","fifu_image_alt":"","footnotes":""},"categories":[73,53],"tags":[],"class_list":["post-39995","post","type-post","status-publish","format-standard","hentry","category-actualite","category-algerie"],"_links":{"self":[{"href":"https:\/\/linitiative.ca\/International\/wp-json\/wp\/v2\/posts\/39995","targetHints":{"allow":["GET"]}}],"collection":[{"href":"https:\/\/linitiative.ca\/International\/wp-json\/wp\/v2\/posts"}],"about":[{"href":"https:\/\/linitiative.ca\/International\/wp-json\/wp\/v2\/types\/post"}],"author":[{"embeddable":true,"href":"https:\/\/linitiative.ca\/International\/wp-json\/wp\/v2\/users\/1744"}],"replies":[{"embeddable":true,"href":"https:\/\/linitiative.ca\/International\/wp-json\/wp\/v2\/comments?post=39995"}],"version-history":[{"count":0,"href":"https:\/\/linitiative.ca\/International\/wp-json\/wp\/v2\/posts\/39995\/revisions"}],"wp:attachment":[{"href":"https:\/\/linitiative.ca\/International\/wp-json\/wp\/v2\/media?parent=39995"}],"wp:term":[{"taxonomy":"category","embeddable":true,"href":"https:\/\/linitiative.ca\/International\/wp-json\/wp\/v2\/categories?post=39995"},{"taxonomy":"post_tag","embeddable":true,"href":"https:\/\/linitiative.ca\/International\/wp-json\/wp\/v2\/tags?post=39995"}],"curies":[{"name":"wp","href":"https:\/\/api.w.org\/{rel}","templated":true}]}}