{"id":39997,"date":"2019-06-10T19:00:00","date_gmt":"2019-06-10T23:00:00","guid":{"rendered":"https:\/\/linitiative.ca\/International\/lancien-chef-du-gouvernement-mokdad-sifi-construire-un-nouvel-etat-democratique\/"},"modified":"2019-06-10T19:00:00","modified_gmt":"2019-06-10T23:00:00","slug":"lancien-chef-du-gouvernement-mokdad-sifi-construire-un-nouvel-etat-democratique","status":"publish","type":"post","link":"https:\/\/linitiative.ca\/International\/lancien-chef-du-gouvernement-mokdad-sifi-construire-un-nouvel-etat-democratique\/","title":{"rendered":"L\u2019ancien chef du gouvernement Mokdad Sifi : Construire un nouvel \u00c9tat d\u00e9mocratique"},"content":{"rendered":"<p>L\u2019ancien chef du gouvernement Mokdad Sifi a indiqu\u00e9, hier, que le mouvement populaire maintient ses principales revendications quant au d\u00e9part du gouvernement ainsi que l\u2019organisation d\u2019une p\u00e9riode de transition, men\u00e9e par des personnalit\u00e9s int\u00e8gres, cr\u00e9dibles et comp\u00e9tentes, visant \u00e0 construire un nouvel \u00c9tat d\u00e9mocratique.<br \/>Dans une tribune publi\u00e9e sur TDA, il dira que lors de cette p\u00e9riode de transition, aussi courte que possible, le mouvement populaire demande la formation d\u2019un gouvernement provisoire compos\u00e9 de comp\u00e9tences nationales et la mise sur pied d\u2019une Instance ind\u00e9pendante d\u2019organisation des \u00e9lections parall\u00e8lement \u00e0 la r\u00e9vision de la l\u00e9gislation \u00e9lectorale.\u00a0 \u00abEn m\u00eame temps, les repr\u00e9sentants du mouvement accueillent favorablement le principe de dialogue d\u00e9fendu par le chef d\u2019\u00e9tat-major de l\u2019Arm\u00e9e nationale populaire, Ahmed Ga\u00efd Salah, comme seule voie pour une sortie de crise avec cependant, des r\u00e9serves quant au personnel politique devant mener ledit processus de dialogue\u00bb.<br \/>Ces repr\u00e9sentants, organis\u00e9s dans des centaines de syndicats autonomes et d\u2019associations nationales citoyennes, ont comme objectif imm\u00e9diat de pr\u00e9senter d\u2019ici quelques jours une \u00abfeuille de route\u00bb lors d\u2019une conf\u00e9rence nationale de la soci\u00e9t\u00e9 civile. Ils d\u00e9clarent : \u00ab\u00c0 travers cette conf\u00e9rence, nous voulons sortir avec une proposition forte. Celle qui refl\u00e8te la vision de la soci\u00e9t\u00e9 civile. Aujourd\u2019hui, nous sommes toujours dans la concertation et l\u2019urgence est de trouver une jonction entre toutes les dynamiques\u00bb, ajoutent-ils.<br \/>Face \u00e0 ces revendications populaires, les institutions de l\u2019\u00c9tat, et \u00e0 leur t\u00eate l\u2019institution militaire, reconnaissent la l\u00e9gitimit\u00e9 constitutionnelle du chef de l\u2019\u00c9tat int\u00e9rimaire et souhaitent mener \u00e0 son terme le processus constitutionnel visant l\u2019\u00e9lection d\u2019un nouveau pr\u00e9sident de la R\u00e9publique dans les plus brefs d\u00e9lais, mentionne M. Sifi.<br \/>Selon lui, aussi bien par la voix du chef d\u2019\u00e9tat-major que par la voix du chef de l\u2019\u00c9tat, ces institutions appellent au dialogue et \u00e0 la concertation (\u2026) pour restaurer la confiance et mobiliser les forces patriotiques nationales en vue de construire le consensus le plus large possible autour de l\u2019ensemble des questions en rapport avec les aspects l\u00e9gislatif, r\u00e9glementaire et organisationnel de cette \u00e9lection, et sur les m\u00e9canismes de son contr\u00f4le et sa supervision.<br \/>\u00abNous pensons pour notre part que ce dialogue doit \u00eatre franc, honn\u00eate et bas\u00e9 sur des engagements et des concessions r\u00e9ciproques. Il doit, avant tout, contribuer \u00e0 la pr\u00e9servation des int\u00e9r\u00eats sup\u00e9rieurs de notre Nation tant \u00e9conomiques, s\u00e9curitaires que g\u00e9ostrat\u00e9giques tout en permettant la (re)construction d\u2019un \u00c9tat fort et d\u00e9mocratique qui prenne en compte toutes les revendications du mouvement populaire relatives \u00e0 la justice et aux droits et libert\u00e9s des citoyens\u00bb, pr\u00e9conise-t-il.<br \/>M. Sifi indique que les animateurs du mouvement populaire soutiennent que \u00abla rue a dit non au maintien au pouvoir des responsables actuels, dit oui au dialogue, mais pas avec les 2 B (Bensalah et Bedoui) dont elle r\u00e9clame le d\u00e9part. Nous sommes partie prenante de ce mouvement, donc nous nous sommes positionn\u00e9s pour le dialogue ouvert et inclusif mais loin des symboles du syst\u00e8me et avec une p\u00e9riode de transition limit\u00e9e dans la dur\u00e9e\u00bb. Dans sa contribution, il pr\u00e9cisera que les institutions de l\u2019\u00c9tat demandent \u00e0 ce que le mouvement populaire d\u00e9signe clairement ses repr\u00e9sentants au dialogue. \u00abNous avons propos\u00e9 pour notre part qu\u2019un groupe ou comit\u00e9 de personnalit\u00e9s nationales ind\u00e9pendantes, accept\u00e9 par les deux camps, serve d\u2019interm\u00e9diaire dans le dialogue entre les Institutions de l\u2019\u00c9tat et les repr\u00e9sentants du mouvement populaire tout en consultant les partis existants en dehors des formations de l\u2019ancienne alliance pr\u00e9sidentielle\u00bb, explique-t-il.<br \/>Il ajoute\u00a0: \u00abNous entendons par les institutions de l\u2019\u00c9tat le chef de l\u2019\u00c9tat et le Commandement de l\u2019ANP et nous reconnaissons comme repr\u00e9sentants du mouvement populaire les leaders des 41 syndicats autonomes, des 28 associations du Collectif de la soci\u00e9t\u00e9 civile alg\u00e9rienne pour une transition d\u00e9mocratique et pacifique ainsi que les repr\u00e9sentants du Forum civil pour le changement. Ces repr\u00e9sentants devront choisir leurs porte-paroles lors d\u2019une conf\u00e9rence nationale prochaine.\u00bb<br \/>M. Sifi souligne que les points principaux du dialogue doivent porter sur les mesures d\u2019apaisement et de conciliation, le changement de gouvernement, l\u2019organisation d\u2019une Instance ind\u00e9pendante d\u2019Organisation des \u00e9lections sans omettre les mesures l\u00e9gislatives et r\u00e9glementaires compl\u00e9mentaires ainsi que la fixation des d\u00e9lais d\u2019organisation de l\u2019\u00e9lection pr\u00e9sidentielle.<\/p>\n<p>Auteur: elmoudjahid<br \/>\n<a href=\"http:\/\/www.elmoudjahid.com\/fr\/actualites\/137947\">Cliquez ici pour lire l&rsquo;article depuis sa source.<\/a><\/p>\n","protected":false},"excerpt":{"rendered":"<p>L\u2019ancien chef du gouvernement Mokdad Sifi a indiqu\u00e9, hier, que le mouvement populaire maintient ses principales revendications quant au d\u00e9part du gouvernement ainsi que l\u2019organisation d\u2019une p\u00e9riode de transition, men\u00e9e par des personnalit\u00e9s int\u00e8gres, cr\u00e9dibles et comp\u00e9tentes, visant \u00e0 construire un nouvel \u00c9tat d\u00e9mocratique.Dans une tribune publi\u00e9e sur TDA, il dira que lors de cette [&hellip;]<\/p>\n","protected":false},"author":1744,"featured_media":0,"comment_status":"closed","ping_status":"closed","sticky":false,"template":"","format":"standard","meta":{"fifu_image_url":"","fifu_image_alt":"","footnotes":""},"categories":[73,53],"tags":[],"class_list":["post-39997","post","type-post","status-publish","format-standard","hentry","category-actualite","category-algerie"],"_links":{"self":[{"href":"https:\/\/linitiative.ca\/International\/wp-json\/wp\/v2\/posts\/39997","targetHints":{"allow":["GET"]}}],"collection":[{"href":"https:\/\/linitiative.ca\/International\/wp-json\/wp\/v2\/posts"}],"about":[{"href":"https:\/\/linitiative.ca\/International\/wp-json\/wp\/v2\/types\/post"}],"author":[{"embeddable":true,"href":"https:\/\/linitiative.ca\/International\/wp-json\/wp\/v2\/users\/1744"}],"replies":[{"embeddable":true,"href":"https:\/\/linitiative.ca\/International\/wp-json\/wp\/v2\/comments?post=39997"}],"version-history":[{"count":0,"href":"https:\/\/linitiative.ca\/International\/wp-json\/wp\/v2\/posts\/39997\/revisions"}],"wp:attachment":[{"href":"https:\/\/linitiative.ca\/International\/wp-json\/wp\/v2\/media?parent=39997"}],"wp:term":[{"taxonomy":"category","embeddable":true,"href":"https:\/\/linitiative.ca\/International\/wp-json\/wp\/v2\/categories?post=39997"},{"taxonomy":"post_tag","embeddable":true,"href":"https:\/\/linitiative.ca\/International\/wp-json\/wp\/v2\/tags?post=39997"}],"curies":[{"name":"wp","href":"https:\/\/api.w.org\/{rel}","templated":true}]}}