{"id":39998,"date":"2019-06-10T19:00:00","date_gmt":"2019-06-10T23:00:00","guid":{"rendered":"https:\/\/linitiative.ca\/International\/culture-de-la-paix-et-du-vivre-ensemble-festival-national-en-juillet-a-oran\/"},"modified":"2019-06-10T19:00:00","modified_gmt":"2019-06-10T23:00:00","slug":"culture-de-la-paix-et-du-vivre-ensemble-festival-national-en-juillet-a-oran","status":"publish","type":"post","link":"https:\/\/linitiative.ca\/International\/culture-de-la-paix-et-du-vivre-ensemble-festival-national-en-juillet-a-oran\/","title":{"rendered":"Culture de la Paix et du Vivre-Ensemble : Festival national en juillet \u00e0 Oran"},"content":{"rendered":"<p>Un Festival national d\u00e9di\u00e9 \u00e0 la promotion de la culture de la Paix et du Vivre-Ensemble sera anim\u00e9 du 28 au 30 juillet prochain \u00e0 Oran. \u00abLa manifestation mettra en relief l\u2019importance de l\u2019art dans la diffusion de la culture de la paix et du vivre-ensemble\u00bb, a pr\u00e9cis\u00e9 la vice-pr\u00e9sidente de l\u2019association socioculturelle locale \u00abSant\u00e9 Sidi El-Houari\u00bb, Assia Brahimi. L\u2019\u00e9v\u00e9nement, a-t-elle expliqu\u00e9, intervient \u00e0 la cl\u00f4ture du projet pour jeunes intitul\u00e9 \u00abNiya, pour une culture de la Paix\u00bb, port\u00e9 par \u00abSDH\u00bb depuis mars 2018 en partenariat avec l\u2019Association des centres d\u2019animation de quartiers de Bordeaux (ACQAB\/France). La formation de formateurs en animation socioculturelle a \u00e9t\u00e9 au centre de ce projet b\u00e9n\u00e9ficiant \u00e9galement du soutien du Programme concert\u00e9 pluri-acteurs \u00abJoussour\u00bb (PCPA Alg\u00e9rie) portant appui aux projets associatifs.<br \/>L\u2019expression artistique sera mise \u00e0 l\u2019honneur au festival, notamment dans les domaines du th\u00e9\u00e2tre, de la musique, du dessin et de la photographie, avec la participation de plusieurs associations culturelles du pays. La promotion des jeunes talents, le renforcement de l\u2019inter-associativit\u00e9 et de l\u2019esprit du travail collectif figurent \u00e9galement parmi les objectifs cibl\u00e9s. Les organisateurs font savoir, en outre, que les activit\u00e9s du festival \u00e0 venir seront retransmises en direct dans la ville de Bordeaux qui est jumel\u00e9e avec Oran depuis 2003.<\/p>\n<p>Auteur: elmoudjahid<br \/>\n<a href=\"http:\/\/www.elmoudjahid.com\/fr\/actualites\/137948\">Cliquez ici pour lire l&rsquo;article depuis sa source.<\/a><\/p>\n","protected":false},"excerpt":{"rendered":"<p>Un Festival national d\u00e9di\u00e9 \u00e0 la promotion de la culture de la Paix et du Vivre-Ensemble sera anim\u00e9 du 28 au 30 juillet prochain \u00e0 Oran. \u00abLa manifestation mettra en relief l\u2019importance de l\u2019art dans la diffusion de la culture de la paix et du vivre-ensemble\u00bb, a pr\u00e9cis\u00e9 la vice-pr\u00e9sidente de l\u2019association socioculturelle locale \u00abSant\u00e9 [&hellip;]<\/p>\n","protected":false},"author":1744,"featured_media":0,"comment_status":"closed","ping_status":"closed","sticky":false,"template":"","format":"standard","meta":{"fifu_image_url":"","fifu_image_alt":"","footnotes":""},"categories":[73,53],"tags":[],"class_list":["post-39998","post","type-post","status-publish","format-standard","hentry","category-actualite","category-algerie"],"_links":{"self":[{"href":"https:\/\/linitiative.ca\/International\/wp-json\/wp\/v2\/posts\/39998","targetHints":{"allow":["GET"]}}],"collection":[{"href":"https:\/\/linitiative.ca\/International\/wp-json\/wp\/v2\/posts"}],"about":[{"href":"https:\/\/linitiative.ca\/International\/wp-json\/wp\/v2\/types\/post"}],"author":[{"embeddable":true,"href":"https:\/\/linitiative.ca\/International\/wp-json\/wp\/v2\/users\/1744"}],"replies":[{"embeddable":true,"href":"https:\/\/linitiative.ca\/International\/wp-json\/wp\/v2\/comments?post=39998"}],"version-history":[{"count":0,"href":"https:\/\/linitiative.ca\/International\/wp-json\/wp\/v2\/posts\/39998\/revisions"}],"wp:attachment":[{"href":"https:\/\/linitiative.ca\/International\/wp-json\/wp\/v2\/media?parent=39998"}],"wp:term":[{"taxonomy":"category","embeddable":true,"href":"https:\/\/linitiative.ca\/International\/wp-json\/wp\/v2\/categories?post=39998"},{"taxonomy":"post_tag","embeddable":true,"href":"https:\/\/linitiative.ca\/International\/wp-json\/wp\/v2\/tags?post=39998"}],"curies":[{"name":"wp","href":"https:\/\/api.w.org\/{rel}","templated":true}]}}