{"id":40002,"date":"2019-06-10T19:00:00","date_gmt":"2019-06-10T23:00:00","guid":{"rendered":"https:\/\/linitiative.ca\/International\/justice-le-chef-de-letat-procede-a-des-nominations-et-met-fin-a-des-fonctions\/"},"modified":"2019-06-10T19:00:00","modified_gmt":"2019-06-10T23:00:00","slug":"justice-le-chef-de-letat-procede-a-des-nominations-et-met-fin-a-des-fonctions","status":"publish","type":"post","link":"https:\/\/linitiative.ca\/International\/justice-le-chef-de-letat-procede-a-des-nominations-et-met-fin-a-des-fonctions\/","title":{"rendered":"Justice : Le chef de l\u2019\u00e9tat proc\u00e8de \u00e0 des nominations et met fin \u00e0 des fonctions"},"content":{"rendered":"<p>Le chef de l&rsquo;\u00c9tat, Abdelkader Bensalah, a proc\u00e9d\u00e9 hier \u00e0 plusieurs nominations et mis fin \u00e0 des fonctions dans le secteur de la Justice, selon un communiqu\u00e9 de la pr\u00e9sidence de la R\u00e9publique. La pr\u00e9sidence de la R\u00e9publique a pr\u00e9cis\u00e9, dans son communiqu\u00e9, que \u00able chef de l&rsquo;\u00c9tat, Abdelkader Bensalah, a proc\u00e9d\u00e9 \u00e0 la nomination de MM. : &#8211; Abderrachid Tabi, Premier pr\u00e9sident de la Cour supr\u00eame. &#8211; Abderrahim Madjid, Procureur g\u00e9n\u00e9ral pr\u00e8s la Cour supr\u00eame. &#8211; Bitam Abdelmadjid, Directeur g\u00e9n\u00e9ral des ressources humaines au Minist\u00e8re de la Justice. &#8211; Hamdane Abdelkader, Inspecteur g\u00e9n\u00e9ral au Minist\u00e8re de la Justice, &#8211; Djaarir Abdelhafid, Directeur g\u00e9n\u00e9ral des affaires judiciaires et juridiques au Minist\u00e8re de la Justice. &#8211; Gasmi Djamel, Pr\u00e9sident de la Cour d&rsquo;Alger\u00bb. Le chef de l&rsquo;\u00c9tat a mis fin, par ailleurs, aux fonctions de : &#8211; Mme Boukharsa Fatiha en tant que Pr\u00e9sidente de la Cour de Tipasa. &#8211; M. Melak Abdellah en tant qu&rsquo;avocat g\u00e9n\u00e9ral pr\u00e8s la Cour supr\u00eame.<\/p>\n<p>&#8212;&#8212;&#8212;&#8212;&#8212;&#8212;&#8212;&#8212;&#8212;&#8212;<\/p>\n<p><strong>M. Derouas Bachir, nouveau DG de l\u2019Office national des \u0153uvres universitaires<\/strong><\/p>\n<p>M. Derouas Bachir a \u00e9t\u00e9 nomm\u00e9 hier au poste de directeur g\u00e9n\u00e9ral de l&rsquo;Office national des \u0153uvres universitaires (Onou), en remplacement de M. Bouklikha Farouk, a annonc\u00e9 la pr\u00e9sidence de la R\u00e9publique, dans un communiqu\u00e9. \u00abM. Derouas Bachir a \u00e9t\u00e9 nomm\u00e9 au poste de Directeur g\u00e9n\u00e9ral de l\u2019Office national des \u0153uvres universitaires (Onou), en remplacement de M. Bouklikha Farouk, dont il a \u00e9t\u00e9 mis fin aux fonctions\u00bb, lit-on dans le communiqu\u00e9 de la pr\u00e9sidence.<\/p>\n<p>Auteur: elmoudjahid<br \/>\n<a href=\"http:\/\/www.elmoudjahid.com\/fr\/actualites\/137952\">Cliquez ici pour lire l&rsquo;article depuis sa source.<\/a><\/p>\n","protected":false},"excerpt":{"rendered":"<p>Le chef de l&rsquo;\u00c9tat, Abdelkader Bensalah, a proc\u00e9d\u00e9 hier \u00e0 plusieurs nominations et mis fin \u00e0 des fonctions dans le secteur de la Justice, selon un communiqu\u00e9 de la pr\u00e9sidence de la R\u00e9publique. La pr\u00e9sidence de la R\u00e9publique a pr\u00e9cis\u00e9, dans son communiqu\u00e9, que \u00able chef de l&rsquo;\u00c9tat, Abdelkader Bensalah, a proc\u00e9d\u00e9 \u00e0 la nomination [&hellip;]<\/p>\n","protected":false},"author":1744,"featured_media":0,"comment_status":"closed","ping_status":"closed","sticky":false,"template":"","format":"standard","meta":{"fifu_image_url":"","fifu_image_alt":"","footnotes":""},"categories":[73,53],"tags":[],"class_list":["post-40002","post","type-post","status-publish","format-standard","hentry","category-actualite","category-algerie"],"_links":{"self":[{"href":"https:\/\/linitiative.ca\/International\/wp-json\/wp\/v2\/posts\/40002","targetHints":{"allow":["GET"]}}],"collection":[{"href":"https:\/\/linitiative.ca\/International\/wp-json\/wp\/v2\/posts"}],"about":[{"href":"https:\/\/linitiative.ca\/International\/wp-json\/wp\/v2\/types\/post"}],"author":[{"embeddable":true,"href":"https:\/\/linitiative.ca\/International\/wp-json\/wp\/v2\/users\/1744"}],"replies":[{"embeddable":true,"href":"https:\/\/linitiative.ca\/International\/wp-json\/wp\/v2\/comments?post=40002"}],"version-history":[{"count":0,"href":"https:\/\/linitiative.ca\/International\/wp-json\/wp\/v2\/posts\/40002\/revisions"}],"wp:attachment":[{"href":"https:\/\/linitiative.ca\/International\/wp-json\/wp\/v2\/media?parent=40002"}],"wp:term":[{"taxonomy":"category","embeddable":true,"href":"https:\/\/linitiative.ca\/International\/wp-json\/wp\/v2\/categories?post=40002"},{"taxonomy":"post_tag","embeddable":true,"href":"https:\/\/linitiative.ca\/International\/wp-json\/wp\/v2\/tags?post=40002"}],"curies":[{"name":"wp","href":"https:\/\/api.w.org\/{rel}","templated":true}]}}